{"id":56217,"date":"2023-01-31T22:26:28","date_gmt":"2023-02-01T01:26:28","guid":{"rendered":"https:\/\/vocesparalelas.com.ar\/sitio\/?p=56217"},"modified":"2023-02-02T01:04:17","modified_gmt":"2023-02-02T04:04:17","slug":"convocatoria-para-la-34-fiesta-provincial-del-teatro-2023-en-san-juan","status":"publish","type":"post","link":"https:\/\/vocesparalelas.com.ar\/sitio\/convocatoria-para-la-34-fiesta-provincial-del-teatro-2023-en-san-juan\/","title":{"rendered":"Convocatoria para la 34\u00b0 Fiesta Provincial del Teatro 2023 en San Juan"},"content":{"rendered":"<p>Si bien la\u00a0Teatrina 2023 &#8211; 34\u00b0 Fiesta Provincial del Teatro tiene fecha en el calendario oficial para Marzo pr\u00f3ximo, ya comenz\u00f3 la cuenta regresiva de la organizaci\u00f3n. Es por eso que desde el Instituto Nacional del Teatro en co-gesti\u00f3n con el Ministerio de Turismo y Cultura,\u00a0se abrir\u00e1 la instancia de participaci\u00f3n a artistas e interesados.<\/p>\n<p>En esta oportunidad,\u00a0hay distintas convocatorias que se habilitar\u00e1n a partir del 1 de Febrero de 2023.<\/p>\n<p>Uno de los llamados es para conformar equipos de trabajo para la producci\u00f3n del evento, que deber\u00e1 estar integrado por un coordinador de log\u00edstica y de producci\u00f3n, un coordinador t\u00e9cnico, cuatro t\u00e9cnicos y tres asistentes de producci\u00f3n. Todos deben ser mayores de 18 a\u00f1os, monotributistas, tener experiencia comprobable en las tareas de gesti\u00f3n y\/o producci\u00f3n teatral, o estar vinculados a alg\u00fan equipo de gesti\u00f3n de salas y\/o espacios teatrales de la provincia. Los interesados deben completar un formulario on line en\u00a0<a href=\"https:\/\/forms.gle\/Wz9qRGMm7GLGtUdE9\">https:\/\/forms.gle\/Wz9qRGMm7GLGtUdE9<\/a>\u00a0hasta el 7 de febrero.<\/p>\n<p>Por otra parte,\u00a0hay otra convocatoria para quienes quieran dictar Talleres de Formaci\u00f3n\u00a0para miembros de la comunidad teatral, con o sin experiencia, y p\u00fablico general interesado en incursionar en el teatro. As\u00ed, docentes y\/o facilitadores pueden presentar sus propuestas formales, sobre diversas tem\u00e1ticas referidas a la actividad teatral hasta el viernes 10 de febrero en\u00a0<a href=\"https:\/\/forms.gle\/5YJvosfWg2EX8QdU8\">https:\/\/forms.gle\/5YJvosfWg2EX8QdU8<\/a>.<\/p>\n<p>Para esta edici\u00f3n\u00a0estar\u00e1 disponible la inscripci\u00f3n para Obras de Muestra\u00a0(espect\u00e1culos, obras de teatro, performances, instalaciones, intervenciones u otro tipo de resultados esc\u00e9nicos, estrenados o en proceso) las cuales ser\u00e1n parte de la programaci\u00f3n de la Teatrina en un momento especial de la misma, llamada C\u00e1psula 24M: Jornada de Teatro Pol\u00edtico, Memoria y Democracia que se llevar\u00e1 adelante el d\u00eda 24 de Marzo, en conmemoraci\u00f3n del D\u00eda Nacional de la Memoria por la Verdad y la Justicia. Los elencos interesados tienen tiempo hasta el viernes 10 de febrero para responder a la convocatoria en el link<\/p>\n<p><a href=\"https:\/\/forms.gle\/gUw3n18nLYmnQd1D8\">https:\/\/forms.gle\/gUw3n18nLYmnQd1D8<\/a><\/p>\n<p>En cualquiera de los casos,\u00a0para mayor informaci\u00f3n, contactarse por mail a<\/p>\n<p><span id=\"cloakfd20014a5f1c8711df025e7d8c87ed31\"><a href=\"mailto:teatron27m@gmail.com\">teatron27m@gmail.com<\/a><\/span><\/p>\n<p><span style=\"color: #339966;\"><strong>Antecedentes de la Teatrina de San Juan<\/strong><\/span><\/p>\n<p>Se trata de un evento cultural arraigado en la provincia, organizado por la representaci\u00f3n local del Instituto Nacional del Teatro en co-gesti\u00f3n con el Ministerio de Turismo y Cultura del gobierno de San Juan.<\/p>\n<p>De las obras de teatro en la instancia de selecci\u00f3n que suben a escena en este marco, se elige la que representar\u00e1 a la provincia en la Fiesta Nacional del Teatro. Adem\u00e1s como parte de este encuentro se incluyen actividades de formaci\u00f3n, desmontaje, obras de teatro que solo se muestran (y no compiten), cruce con otras disciplinas e inclusi\u00f3n en la programaci\u00f3n de espect\u00e1culos invitados de las provincias vecinas del Nuevo Cuyo.<\/p>\n<p>En este a\u00f1o por celebrarse los 40 a\u00f1os del retorno de la democracia, la Fiesta tendr\u00e1 acciones y actividades como conversatorios, espacios de di\u00e1logo, conferencias magistrales, intervenciones art\u00edsticas y talleres, entre otras, relacionadas a este hito hist\u00f3rico que ha dejado tantas huellas en todos los argentinos.<\/p>\n","protected":false},"excerpt":{"rendered":"<p>Si bien la\u00a0Teatrina 2023 &#8211; 34\u00b0 Fiesta Provincial del Teatro tiene fecha en el calendario oficial para Marzo pr\u00f3ximo, ya<\/p>\n","protected":false},"author":3,"featured_media":36029,"comment_status":"closed","ping_status":"closed","sticky":false,"template":"","format":"standard","meta":{"_acf_changed":false,"_seopress_robots_primary_cat":"none","_seopress_titles_title":"","_seopress_titles_desc":"","_seopress_robots_index":"","colormag_page_container_layout":"default_layout","colormag_page_sidebar_layout":"default_layout","footnotes":""},"categories":[2],"tags":[],"class_list":["post-56217","post","type-post","status-publish","format-standard","has-post-thumbnail","hentry","category-convocatorias"],"acf":[],"_links":{"self":[{"href":"https:\/\/vocesparalelas.com.ar\/sitio\/wp-json\/wp\/v2\/posts\/56217","targetHints":{"allow":["GET"]}}],"collection":[{"href":"https:\/\/vocesparalelas.com.ar\/sitio\/wp-json\/wp\/v2\/posts"}],"about":[{"href":"https:\/\/vocesparalelas.com.ar\/sitio\/wp-json\/wp\/v2\/types\/post"}],"author":[{"embeddable":true,"href":"https:\/\/vocesparalelas.com.ar\/sitio\/wp-json\/wp\/v2\/users\/3"}],"replies":[{"embeddable":true,"href":"https:\/\/vocesparalelas.com.ar\/sitio\/wp-json\/wp\/v2\/comments?post=56217"}],"version-history":[{"count":1,"href":"https:\/\/vocesparalelas.com.ar\/sitio\/wp-json\/wp\/v2\/posts\/56217\/revisions"}],"predecessor-version":[{"id":56219,"href":"https:\/\/vocesparalelas.com.ar\/sitio\/wp-json\/wp\/v2\/posts\/56217\/revisions\/56219"}],"wp:featuredmedia":[{"embeddable":true,"href":"https:\/\/vocesparalelas.com.ar\/sitio\/wp-json\/wp\/v2\/media\/36029"}],"wp:attachment":[{"href":"https:\/\/vocesparalelas.com.ar\/sitio\/wp-json\/wp\/v2\/media?parent=56217"}],"wp:term":[{"taxonomy":"category","embeddable":true,"href":"https:\/\/vocesparalelas.com.ar\/sitio\/wp-json\/wp\/v2\/categories?post=56217"},{"taxonomy":"post_tag","embeddable":true,"href":"https:\/\/vocesparalelas.com.ar\/sitio\/wp-json\/wp\/v2\/tags?post=56217"}],"curies":[{"name":"wp","href":"https:\/\/api.w.org\/{rel}","templated":true}]}}