{"id":56199,"date":"2023-01-30T23:01:16","date_gmt":"2023-01-31T02:01:16","guid":{"rendered":"https:\/\/vocesparalelas.com.ar\/sitio\/?p=56199"},"modified":"2023-01-30T23:01:24","modified_gmt":"2023-01-31T02:01:24","slug":"aces-europe-en-san-juan-capital-americana-del-deporte-2024","status":"publish","type":"post","link":"https:\/\/vocesparalelas.com.ar\/sitio\/aces-europe-en-san-juan-capital-americana-del-deporte-2024\/","title":{"rendered":"ACES Europe en San Juan, Capital Americana del Deporte 2024"},"content":{"rendered":"<p>Autoridades provinciales presidida por el gobernador de San Juan, Dr. Sergio U\u00f1ac y los representantes de ACES que visitan San Juan, presentaron en conferencia de prensa los puntos trabajados en los \u00faltimos d\u00edas sobre la posibilidad de que la provincia sea la Capital Americana del Deporte en el a\u00f1o 2024.<\/p>\n<p>Desde el viernes 27 y hasta ma\u00f1ana martes 31 de enero, las autoridades internacionales recorren espacios deportivos y mantienen reuniones con dirigente locales para evaluar la candidatura sanjuanina y en las pr\u00f3ximas semanas dar una respuesta al respecto.<\/p>\n<p>Quienes visitan San Juan son Hugo Alonso, secretario general de ACES Europa; Vicenzo Lupatelli, presidente de ACES Italia; Angie Farias, delegada de ACES en Chile; Carlos Arango, representante de ACES America; Andr\u00e9s Fernando C\u00e1ceres, delegado de ACES Uruguay; Gonzalo Cuesta Nieto, delegado ACES de Europa para Espa\u00f1a y Am\u00e9rica; y Evelina Cabrera, asesora en Deportes en OEA.<\/p>\n<p>Al respecto, el gobernador Dr. Sergio U\u00f1ac afirm\u00f3 que \u201ccuando uno cree en un camino, compromete gente y crea equipos de trabajo, ese camino se comienza a transitar y a construir. Lo dif\u00edcil de todo esto no es solo la construcci\u00f3n del camino, sino el mantenimiento del mismo\u201d.<\/p>\n<p>\u201cYo creo que pase lo que pase con la candidatura, San Juan continuar\u00e1 transitando este camino de la mejor manera. Las pol\u00edticas deportivas serias, con planificaci\u00f3n, con propuestas de objetivos y cumplimientos de los mismos son el mejor puente de conexi\u00f3n entre la sociedad y la igualdad de oportunidades y la mejora en la calidad de vida de las personas\u201d concluy\u00f3 el primer mandatario provincial.<\/p>\n<p>Respecto a esta posibilidad de que San Juan sea denominada Capital Americana, Hugo Alonso explic\u00f3 que \u201cAces tiene como objetivo principal promover el deporte en todos los \u00e1mbitos, entendi\u00e9ndolo como salud, bienestar, cultura, educaci\u00f3n, como elemento integrador de la sociedad y de cambios social. Somos m\u00e1s de 3.000 ciudades del deporte en todo el mundo y queremos que la provincia de San Juan forme parte de esta red porque tiene ADN deportivo\u201d.<\/p>\n<p>Adem\u00e1s, el secretario general de ACES Europa indic\u00f3 que los argumentos por los que se considera la posibilidad que San Juan sea Capital Americana del Deporte, \u00e9l los resume en tres puntos: los dirigentes pol\u00edticos que encabezan el proyecto, la infraestructura con la que cuenta la provincia y los niveles de actividad f\u00edsica en la poblaci\u00f3n que superan ampliamente la media.<\/p>\n<p>Cabe remarcar que, durante estos d\u00edas, los integrantes de ACES visitaron diferentes infraestructuras deportivas. Comenzaron el s\u00e1bado pasado con la visita del Vel\u00f3dromo Vicente Chancay y al Estadio San Juan del Bicentenario. Luego pudieron disfrutar de la 6\u00ba Etapa de la Vuelta a San Juan, con largada y llegada en la zona donde se encuentran ambos estadios.<\/p>\n<p>El domingo fueron hasta el dique Punta Negra donde vivenciaron una gran actividad con la Escuelita de Deporte Aventura y luego se trasladaron hasta el Centro Ambiental Anchipurac. Para cerrar con el recorrido, en la ma\u00f1ana de hoy conocieron el Estadio de La Superiora, presenciaron las actividades deportivas del programa L\u00edderes Barriales en el Polideportivo de Barrio Las Rosas, y finalizaron con una reuni\u00f3n interna en el Estadio Aldo Cantoni donde el equipo de la Secretar\u00eda de Estado de Deportes, encabezado por Jorge Chica, argument\u00f3 la candidatura formulada para el pr\u00f3ximo a\u00f1o.<\/p>\n<p>A su turno, el secretario de Deportes expres\u00f3 su alegr\u00eda respecto a la posibilidad de ser candidatos y coment\u00f3: \u201cSi hoy nos tienen en cuenta para presentarnos, es porque hay jerarqu\u00eda del deporte en nuestra provincia. Los dirigentes y los deportistas han hecho del deporte una cultura, lo que hoy buscamos expandir a trav\u00e9s de este reconocimiento. Gracias a cada dirigente presente que nos permite so\u00f1ar con que el deporte de Am\u00e9rica se vive y se respira en San Juan\u201d.<\/p>\n<p>Finalmente, en esta evaluaci\u00f3n que las autoridades de ACES realizan sobre la gesti\u00f3n deportiva de San Juan, Fernando C\u00e1ceres resalt\u00f3 que \u201cel punto m\u00e1s fuerte de la candidatura de San Juan lo encontr\u00e9 en las palabras del gobernador cuando dijo: la ciudadan\u00eda me exige pol\u00edticas de Salud, de vivienda, educativas, y yo, adem\u00e1s, voy a trabajar en pol\u00edticas deportivas. Eso que dijo en nuestro primer encuentro lo sostuvo en cada instancia privada o p\u00fablica que hemos compartido. Se\u00f1or gobernador, en sus palabras est\u00e1 la mejor defensa de la candidatura de San Juan como Capital Americana del deporte\u201d.<\/p>\n<p><span style=\"color: #339966;\"><strong>Qu\u00e9 es ACES<\/strong><\/span><\/p>\n<p>Desde su fundaci\u00f3n en 1999, ACES busca promocionar el deporte entre todos los ciudadanos, especialmente entre los colectivos m\u00e1s desfavorecidos, los ni\u00f1os, los mayores, las personas con discapacidad, entre otros.<\/p>\n<p><iframe loading=\"lazy\" title=\"ACES EUROPE EN SAN JUAN\" width=\"800\" height=\"600\" src=\"https:\/\/www.youtube.com\/embed\/4Ve7gEtWViw?feature=oembed\" frameborder=\"0\" allow=\"accelerometer; autoplay; clipboard-write; encrypted-media; gyroscope; picture-in-picture; web-share\" allowfullscreen><\/iframe><\/p>\n<p>ACES busca adem\u00e1s promover la iniciativa privada y p\u00fablica con objeto de que se incremente el apoyo al deporte, no solo desde el punto de vista profesional sino como medio de cohesi\u00f3n social y para la mejora de la salud y calidad de vida de los ciudadanos reforzando el papel del deporte como motor de generaci\u00f3n de actividad econ\u00f3mica y riqueza.<\/p>\n<p><iframe loading=\"lazy\" title=\"ACES EUROPE EN SAN JUAN\" width=\"800\" height=\"450\" src=\"https:\/\/www.youtube.com\/embed\/FGmAL12w4bg?feature=oembed\" frameborder=\"0\" allow=\"accelerometer; autoplay; clipboard-write; encrypted-media; gyroscope; picture-in-picture; web-share\" allowfullscreen><\/iframe><\/p>\n<p>Por ello, ACES Europa a trav\u00e9s de su filial en Am\u00e9rica, con la marca ACES Am\u00e9rica, y en colaboraci\u00f3n con la Unesco, el Consejo Americano del Deporte y otras entidades de prestigio, proseguir\u00e1 su trabajo de promoci\u00f3n del deporte a trav\u00e9s de las instituciones para difundir las bondades y beneficios de la pr\u00e1ctica deportiva y los valores que se trasladan a la sociedad, siendo elemento fundamental para lograr la inclusi\u00f3n social.<\/p>\n<p>ACES Am\u00e9rica cada a\u00f1o entrega los reconocimientos de Capital, Comunidad y Ciudad Americana del Deporte. La asignaci\u00f3n de estos reconocimientos es realizada de acuerdo con los principios de responsabilidad y \u00e9tica, teniendo en cuenta que el deporte es un factor de inclusi\u00f3n social, mejora la calidad de vida y el bienestar psicof\u00edsico y facilita la integraci\u00f3n completa de las clases sociales dentro de la comunidad.<\/p>\n<p><iframe loading=\"lazy\" title=\"ACES EUROPE EN SAN JUAN\" width=\"800\" height=\"450\" src=\"https:\/\/www.youtube.com\/embed\/SfYd6lc-o50?feature=oembed\" frameborder=\"0\" allow=\"accelerometer; autoplay; clipboard-write; encrypted-media; gyroscope; picture-in-picture; web-share\" allowfullscreen><\/iframe><\/p>\n<p>&nbsp;<\/p>\n<p>&nbsp;<\/p>\n","protected":false},"excerpt":{"rendered":"<p>Autoridades provinciales presidida por el gobernador de San Juan, Dr. Sergio U\u00f1ac y los representantes de ACES que visitan San<\/p>\n","protected":false},"author":3,"featured_media":56202,"comment_status":"closed","ping_status":"closed","sticky":false,"template":"","format":"video","meta":{"_acf_changed":false,"_seopress_robots_primary_cat":"none","_seopress_titles_title":"","_seopress_titles_desc":"","_seopress_robots_index":"","colormag_page_container_layout":"default_layout","colormag_page_sidebar_layout":"default_layout","footnotes":""},"categories":[1,7],"tags":[],"class_list":["post-56199","post","type-post","status-publish","format-video","has-post-thumbnail","hentry","category-destacadas","category-videos","post_format-post-format-video"],"acf":[],"_links":{"self":[{"href":"https:\/\/vocesparalelas.com.ar\/sitio\/wp-json\/wp\/v2\/posts\/56199","targetHints":{"allow":["GET"]}}],"collection":[{"href":"https:\/\/vocesparalelas.com.ar\/sitio\/wp-json\/wp\/v2\/posts"}],"about":[{"href":"https:\/\/vocesparalelas.com.ar\/sitio\/wp-json\/wp\/v2\/types\/post"}],"author":[{"embeddable":true,"href":"https:\/\/vocesparalelas.com.ar\/sitio\/wp-json\/wp\/v2\/users\/3"}],"replies":[{"embeddable":true,"href":"https:\/\/vocesparalelas.com.ar\/sitio\/wp-json\/wp\/v2\/comments?post=56199"}],"version-history":[{"count":1,"href":"https:\/\/vocesparalelas.com.ar\/sitio\/wp-json\/wp\/v2\/posts\/56199\/revisions"}],"predecessor-version":[{"id":56203,"href":"https:\/\/vocesparalelas.com.ar\/sitio\/wp-json\/wp\/v2\/posts\/56199\/revisions\/56203"}],"wp:featuredmedia":[{"embeddable":true,"href":"https:\/\/vocesparalelas.com.ar\/sitio\/wp-json\/wp\/v2\/media\/56202"}],"wp:attachment":[{"href":"https:\/\/vocesparalelas.com.ar\/sitio\/wp-json\/wp\/v2\/media?parent=56199"}],"wp:term":[{"taxonomy":"category","embeddable":true,"href":"https:\/\/vocesparalelas.com.ar\/sitio\/wp-json\/wp\/v2\/categories?post=56199"},{"taxonomy":"post_tag","embeddable":true,"href":"https:\/\/vocesparalelas.com.ar\/sitio\/wp-json\/wp\/v2\/tags?post=56199"}],"curies":[{"name":"wp","href":"https:\/\/api.w.org\/{rel}","templated":true}]}}