{"id":56177,"date":"2023-01-30T09:49:03","date_gmt":"2023-01-30T12:49:03","guid":{"rendered":"https:\/\/vocesparalelas.com.ar\/sitio\/?p=56177"},"modified":"2023-02-01T00:01:36","modified_gmt":"2023-02-01T03:01:36","slug":"cronograma-de-reubicacion-de-alumnos-de-las-eni-de-san-juan","status":"publish","type":"post","link":"https:\/\/vocesparalelas.com.ar\/sitio\/cronograma-de-reubicacion-de-alumnos-de-las-eni-de-san-juan\/","title":{"rendered":"Cronograma de reubicaci\u00f3n de alumnos de las ENI de San Juan"},"content":{"rendered":"<p>La Direcci\u00f3n de Educaci\u00f3n Inicial del Ministerio de Educaci\u00f3n del Gobierno de San Juan informa a las familias que no consiguieron inscribir para el Ciclo Lectivo 2023 a sus hijos en Sala de 3; 4 y 5 a\u00f1os, o para quienes cambiaron de domicilio, que el proceso de Reubicaci\u00f3n se realiza del 22 al 28 de Febrero de 2023.<\/p>\n<p>Los interesados tienen que dirigirse a una Escuela Sede, en el departamento donde residen, en los siguientes horarios: en la ma\u00f1ana de 8:30 a 12 horas y en la tarde de 13:30 a 16:30 horas.<\/p>\n<p>Ante dudas o consultas comunicarse con la Direcci\u00f3n de Educaci\u00f3n Inicial de 8 a 13 horas al 4305798<\/p>\n<p><span style=\"color: #339966;\"><strong>Escuelas Sede\u00a0<\/strong><\/span><\/p>\n<p><img loading=\"lazy\" decoding=\"async\" class=\"alignnone size-full wp-image-56180\" src=\"https:\/\/vocesparalelas.com.ar\/sitio\/wp-content\/uploads\/2023\/01\/NIVEL-INICIAL.jpg\" alt=\"\" width=\"800\" height=\"746\" srcset=\"https:\/\/vocesparalelas.com.ar\/sitio\/wp-content\/uploads\/2023\/01\/NIVEL-INICIAL.jpg 800w, https:\/\/vocesparalelas.com.ar\/sitio\/wp-content\/uploads\/2023\/01\/NIVEL-INICIAL-300x280.jpg 300w, https:\/\/vocesparalelas.com.ar\/sitio\/wp-content\/uploads\/2023\/01\/NIVEL-INICIAL-768x716.jpg 768w\" sizes=\"auto, (max-width: 800px) 100vw, 800px\" \/><\/p>\n<p>&nbsp;<\/p>\n","protected":false},"excerpt":{"rendered":"<p>La Direcci\u00f3n de Educaci\u00f3n Inicial del Ministerio de Educaci\u00f3n del Gobierno de San Juan informa a las familias que no<\/p>\n","protected":false},"author":3,"featured_media":4872,"comment_status":"closed","ping_status":"closed","sticky":false,"template":"","format":"standard","meta":{"_acf_changed":false,"_seopress_robots_primary_cat":"none","_seopress_titles_title":"","_seopress_titles_desc":"","_seopress_robots_index":"","colormag_page_container_layout":"default_layout","colormag_page_sidebar_layout":"default_layout","footnotes":""},"categories":[5],"tags":[],"class_list":["post-56177","post","type-post","status-publish","format-standard","has-post-thumbnail","hentry","category-ofrecimientos"],"acf":[],"_links":{"self":[{"href":"https:\/\/vocesparalelas.com.ar\/sitio\/wp-json\/wp\/v2\/posts\/56177","targetHints":{"allow":["GET"]}}],"collection":[{"href":"https:\/\/vocesparalelas.com.ar\/sitio\/wp-json\/wp\/v2\/posts"}],"about":[{"href":"https:\/\/vocesparalelas.com.ar\/sitio\/wp-json\/wp\/v2\/types\/post"}],"author":[{"embeddable":true,"href":"https:\/\/vocesparalelas.com.ar\/sitio\/wp-json\/wp\/v2\/users\/3"}],"replies":[{"embeddable":true,"href":"https:\/\/vocesparalelas.com.ar\/sitio\/wp-json\/wp\/v2\/comments?post=56177"}],"version-history":[{"count":1,"href":"https:\/\/vocesparalelas.com.ar\/sitio\/wp-json\/wp\/v2\/posts\/56177\/revisions"}],"predecessor-version":[{"id":56181,"href":"https:\/\/vocesparalelas.com.ar\/sitio\/wp-json\/wp\/v2\/posts\/56177\/revisions\/56181"}],"wp:featuredmedia":[{"embeddable":true,"href":"https:\/\/vocesparalelas.com.ar\/sitio\/wp-json\/wp\/v2\/media\/4872"}],"wp:attachment":[{"href":"https:\/\/vocesparalelas.com.ar\/sitio\/wp-json\/wp\/v2\/media?parent=56177"}],"wp:term":[{"taxonomy":"category","embeddable":true,"href":"https:\/\/vocesparalelas.com.ar\/sitio\/wp-json\/wp\/v2\/categories?post=56177"},{"taxonomy":"post_tag","embeddable":true,"href":"https:\/\/vocesparalelas.com.ar\/sitio\/wp-json\/wp\/v2\/tags?post=56177"}],"curies":[{"name":"wp","href":"https:\/\/api.w.org\/{rel}","templated":true}]}}