{"id":56162,"date":"2023-01-30T00:39:38","date_gmt":"2023-01-30T03:39:38","guid":{"rendered":"https:\/\/vocesparalelas.com.ar\/sitio\/?p=56162"},"modified":"2023-01-30T01:31:40","modified_gmt":"2023-01-30T04:31:40","slug":"finalizo-la-vuelta-a-san-juan-2023-mas-concurrida-de-publico-que-la-disfruto-en-familia","status":"publish","type":"post","link":"https:\/\/vocesparalelas.com.ar\/sitio\/finalizo-la-vuelta-a-san-juan-2023-mas-concurrida-de-publico-que-la-disfruto-en-familia\/","title":{"rendered":"Finaliz\u00f3 la Vuelta a San Juan 2023 m\u00e1s concurrida de p\u00fablico que la disfrut\u00f3 en familia"},"content":{"rendered":"<p>Con un multitudinario marco de p\u00fablico, este domingo finaliz\u00f3 la 39\u00b0 edici\u00f3n de la Vuelta a San Juan, luego de dos a\u00f1os de interrupci\u00f3n por la pandemia. La carrera fue la m\u00e1s federal de todas sus ediciones porque a lo largo de sus 7 etapas recorri\u00f3 los 19 departamentos de toda la provincia.<\/p>\n<p>Para la s\u00e9ptima etapa, los ciclistas giraron 7 veces por la Av. Circunvalaci\u00f3n, totalizando unos 112.7 kil\u00f3metros.<\/p>\n<p>Largaron a las 17.20 horas y despu\u00e9s de las 19.40 llegaron al puente de calle Mendoza, en Trinidad. All\u00ed, baj\u00f3 bandera el gobernador de San Juan, Sergio U\u00f1ac quien estuvo presente durante toda la competencia junto al secretario de Estado de Deportes de San Juan, Jorge Chica.<\/p>\n<p>Luego de la coronaci\u00f3n y entrega de premios el mandatario provincial dijo a la prensa que \u00abesta Vuelta fue tal como la so\u00f1amos en alg\u00fan momento, con los mejores ciclistas del mundo, con los mejores embaladores, escaladores y los mejores equipos pero tambi\u00e9n quiero reconocer a los sanjuaninos que hicieron un esfuerzo muy grande para ser parte de este gran pelot\u00f3n\u00bb.<\/p>\n<p>Sum\u00f3 que \u00bb hoy vivimos la Vuelta m\u00e1s federal de toda la historia, pas\u00f3 por los 19 departamentos de San Juan y mi compromiso es que siga creciendo y en eso vamos a poner el mayor de los esfuerzos\u00bb. Agreg\u00f3 adem\u00e1s que \u00abfue la Vuelta m\u00e1s concurrida en cada departamento lo que genera un fuerte movimiento econ\u00f3mico\u201d.<\/p>\n<p>\u00abYo creo que hemos encontrado una fenomenal manera de mostrar la provincia desde lo deportivo, lo cultural, lo art\u00edstico entre las bellezas naturales y la cultura que tenemos los sanjuaninos\u00bb, dijo.<\/p>\n<p>Por \u00faltimo, anticip\u00f3 que \u00abpara este a\u00f1o sigue una agenda deportiva internacional, nacional y provincial que es m\u00e1s que nutrida y nuestra intenci\u00f3n es que los eventos sigan haci\u00e9ndose en San Juan\u00bb.<\/p>\n<p><iframe loading=\"lazy\" title=\"VUELTA A SAN JUAN 2023\" width=\"800\" height=\"600\" src=\"https:\/\/www.youtube.com\/embed\/ENhFiagwn6g?feature=oembed\" frameborder=\"0\" allow=\"accelerometer; autoplay; clipboard-write; encrypted-media; gyroscope; picture-in-picture; web-share\" allowfullscreen><\/iframe><\/p>\n","protected":false},"excerpt":{"rendered":"<p>Con un multitudinario marco de p\u00fablico, este domingo finaliz\u00f3 la 39\u00b0 edici\u00f3n de la Vuelta a San Juan, luego de<\/p>\n","protected":false},"author":3,"featured_media":56165,"comment_status":"closed","ping_status":"closed","sticky":false,"template":"","format":"video","meta":{"_acf_changed":false,"_seopress_robots_primary_cat":"none","_seopress_titles_title":"","_seopress_titles_desc":"","_seopress_robots_index":"","colormag_page_container_layout":"default_layout","colormag_page_sidebar_layout":"default_layout","footnotes":""},"categories":[1,7],"tags":[],"class_list":["post-56162","post","type-post","status-publish","format-video","has-post-thumbnail","hentry","category-destacadas","category-videos","post_format-post-format-video"],"acf":[],"_links":{"self":[{"href":"https:\/\/vocesparalelas.com.ar\/sitio\/wp-json\/wp\/v2\/posts\/56162","targetHints":{"allow":["GET"]}}],"collection":[{"href":"https:\/\/vocesparalelas.com.ar\/sitio\/wp-json\/wp\/v2\/posts"}],"about":[{"href":"https:\/\/vocesparalelas.com.ar\/sitio\/wp-json\/wp\/v2\/types\/post"}],"author":[{"embeddable":true,"href":"https:\/\/vocesparalelas.com.ar\/sitio\/wp-json\/wp\/v2\/users\/3"}],"replies":[{"embeddable":true,"href":"https:\/\/vocesparalelas.com.ar\/sitio\/wp-json\/wp\/v2\/comments?post=56162"}],"version-history":[{"count":3,"href":"https:\/\/vocesparalelas.com.ar\/sitio\/wp-json\/wp\/v2\/posts\/56162\/revisions"}],"predecessor-version":[{"id":56168,"href":"https:\/\/vocesparalelas.com.ar\/sitio\/wp-json\/wp\/v2\/posts\/56162\/revisions\/56168"}],"wp:featuredmedia":[{"embeddable":true,"href":"https:\/\/vocesparalelas.com.ar\/sitio\/wp-json\/wp\/v2\/media\/56165"}],"wp:attachment":[{"href":"https:\/\/vocesparalelas.com.ar\/sitio\/wp-json\/wp\/v2\/media?parent=56162"}],"wp:term":[{"taxonomy":"category","embeddable":true,"href":"https:\/\/vocesparalelas.com.ar\/sitio\/wp-json\/wp\/v2\/categories?post=56162"},{"taxonomy":"post_tag","embeddable":true,"href":"https:\/\/vocesparalelas.com.ar\/sitio\/wp-json\/wp\/v2\/tags?post=56162"}],"curies":[{"name":"wp","href":"https:\/\/api.w.org\/{rel}","templated":true}]}}