{"id":56109,"date":"2023-01-27T18:58:30","date_gmt":"2023-01-27T21:58:30","guid":{"rendered":"https:\/\/vocesparalelas.com.ar\/sitio\/?p=56109"},"modified":"2023-01-28T21:36:26","modified_gmt":"2023-01-29T00:36:26","slug":"no-es-obligatorio-rendir-asignaturas-disciplinares-de-ingreso-para-egresados-del-ipu-de-la-unsj-a-la-fi","status":"publish","type":"post","link":"https:\/\/vocesparalelas.com.ar\/sitio\/no-es-obligatorio-rendir-asignaturas-disciplinares-de-ingreso-para-egresados-del-ipu-de-la-unsj-a-la-fi\/","title":{"rendered":"No es obligatorio rendir asignaturas disciplinares de Ingreso para egresados del IPU de la UNSJ a la FI"},"content":{"rendered":"<p>De acuerdo a lo establecido en el Programa de Curso de Ingreso 2023 (Ordenanza 176\/22 del Consejo Directivo FI-UNSJ), los egresados de los Institutos Preuniversitarios &#8211; IPU &#8211; de la UNSJ que deseen estudiar una carrera de grado en la Facultad de Ingenier\u00eda, est\u00e1n exceptuados del requisito de aprobaci\u00f3n de las dos asignaturas disciplinares del Curso de Ingreso: Matem\u00e1tica y\u00a0 Lectura y Comprensi\u00f3n de Textos.<\/p>\n<p>Esto es extensivo a todos los egresados de las tres instituciones, sin exigencias de acreditaci\u00f3n de promedio obtenido durante su educaci\u00f3n secundaria.<\/p>\n<p>Sin embargo, el Ingreso a Ingenier\u00eda en ning\u00fan caso es directo de manera total, puesto que todos los\u00a0 ingresantes deben preinscribirse en el sistema SIU &#8211; GUARAN\u00cd, acceder al Campus Virtual de la UNSJ, acreditar asistencia y aprobar dos m\u00f3dulos no disciplinares: \u00abIntroducci\u00f3n a la Vida Universitaria\u00bb y \u00abAprendiendo a utilizar las herramientas del Campus Virtual de la UNSJ\u00bb.<\/p>\n<p>Tanto los ingresantes que hayan egresado de los IPU, como los de cualquier otra escuela o colegio de la provincia o pa\u00eds, deben cumplir estos requisitos poder completar el proceso de ingreso y obtener el registro de estudiante de esta unidad acad\u00e9mica.<\/p>\n<p><strong><span style=\"color: #339966;\">M\u00e1s informaci\u00f3n sobre requisitos administrativos<\/span><\/strong><\/p>\n<p><a href=\"https:\/\/www.fi.unsj.edu.ar\/noticias\/noticia\/418\/requisitos-administrativos-y-academicos-para-cumplimentar-el-legajo-de-ingreso-\">https:\/\/www.fi.unsj.edu.ar\/noticias\/noticia\/418\/requisitos-administrativos-y-academicos-para-cumplimentar-el-legajo-de-ingreso-<\/a><\/p>\n<p><img loading=\"lazy\" decoding=\"async\" class=\"alignnone size-large wp-image-41537\" src=\"https:\/\/vocesparalelas.com.ar\/sitio\/wp-content\/uploads\/2021\/09\/FI-UNSJ-LATERAL-800x505.jpg\" alt=\"\" width=\"800\" height=\"505\" srcset=\"https:\/\/vocesparalelas.com.ar\/sitio\/wp-content\/uploads\/2021\/09\/FI-UNSJ-LATERAL-800x505.jpg 800w, https:\/\/vocesparalelas.com.ar\/sitio\/wp-content\/uploads\/2021\/09\/FI-UNSJ-LATERAL-300x189.jpg 300w, https:\/\/vocesparalelas.com.ar\/sitio\/wp-content\/uploads\/2021\/09\/FI-UNSJ-LATERAL-768x485.jpg 768w, https:\/\/vocesparalelas.com.ar\/sitio\/wp-content\/uploads\/2021\/09\/FI-UNSJ-LATERAL.jpg 1024w\" sizes=\"auto, (max-width: 800px) 100vw, 800px\" \/><\/p>\n","protected":false},"excerpt":{"rendered":"<p>De acuerdo a lo establecido en el Programa de Curso de Ingreso 2023 (Ordenanza 176\/22 del Consejo Directivo FI-UNSJ), los<\/p>\n","protected":false},"author":3,"featured_media":23028,"comment_status":"closed","ping_status":"closed","sticky":false,"template":"","format":"standard","meta":{"_acf_changed":false,"_seopress_robots_primary_cat":"none","_seopress_titles_title":"","_seopress_titles_desc":"","_seopress_robots_index":"","colormag_page_container_layout":"default_layout","colormag_page_sidebar_layout":"default_layout","footnotes":""},"categories":[9],"tags":[],"class_list":["post-56109","post","type-post","status-publish","format-standard","has-post-thumbnail","hentry","category-cursos"],"acf":[],"_links":{"self":[{"href":"https:\/\/vocesparalelas.com.ar\/sitio\/wp-json\/wp\/v2\/posts\/56109","targetHints":{"allow":["GET"]}}],"collection":[{"href":"https:\/\/vocesparalelas.com.ar\/sitio\/wp-json\/wp\/v2\/posts"}],"about":[{"href":"https:\/\/vocesparalelas.com.ar\/sitio\/wp-json\/wp\/v2\/types\/post"}],"author":[{"embeddable":true,"href":"https:\/\/vocesparalelas.com.ar\/sitio\/wp-json\/wp\/v2\/users\/3"}],"replies":[{"embeddable":true,"href":"https:\/\/vocesparalelas.com.ar\/sitio\/wp-json\/wp\/v2\/comments?post=56109"}],"version-history":[{"count":1,"href":"https:\/\/vocesparalelas.com.ar\/sitio\/wp-json\/wp\/v2\/posts\/56109\/revisions"}],"predecessor-version":[{"id":56112,"href":"https:\/\/vocesparalelas.com.ar\/sitio\/wp-json\/wp\/v2\/posts\/56109\/revisions\/56112"}],"wp:featuredmedia":[{"embeddable":true,"href":"https:\/\/vocesparalelas.com.ar\/sitio\/wp-json\/wp\/v2\/media\/23028"}],"wp:attachment":[{"href":"https:\/\/vocesparalelas.com.ar\/sitio\/wp-json\/wp\/v2\/media?parent=56109"}],"wp:term":[{"taxonomy":"category","embeddable":true,"href":"https:\/\/vocesparalelas.com.ar\/sitio\/wp-json\/wp\/v2\/categories?post=56109"},{"taxonomy":"post_tag","embeddable":true,"href":"https:\/\/vocesparalelas.com.ar\/sitio\/wp-json\/wp\/v2\/tags?post=56109"}],"curies":[{"name":"wp","href":"https:\/\/api.w.org\/{rel}","templated":true}]}}