{"id":56071,"date":"2023-01-26T22:48:30","date_gmt":"2023-01-27T01:48:30","guid":{"rendered":"https:\/\/vocesparalelas.com.ar\/sitio\/?p=56071"},"modified":"2023-01-27T00:12:32","modified_gmt":"2023-01-27T03:12:32","slug":"30-movilidades-se-suman-al-sistema-de-salud-publica-de-san-juan","status":"publish","type":"post","link":"https:\/\/vocesparalelas.com.ar\/sitio\/30-movilidades-se-suman-al-sistema-de-salud-publica-de-san-juan\/","title":{"rendered":"30 movilidades se suman al Sistema de Salud P\u00fablica de San Juan"},"content":{"rendered":"<p>El gobernador de San Juan, Dr. Sergio U\u00f1ac presidi\u00f3 el acto de entrega de movilidades para hospitales, centros de salud e instituciones de salud P\u00fablica. Lo acompa\u00f1\u00f3 la ministra de Salud P\u00fablica, Dra. Alejandra Venerando, la secretaria de Ciencia, Tecnolog\u00eda e Innovaci\u00f3n de la Provincia, Ing. Marita Benavente y dem\u00e1s autoridades.<\/p>\n<p>El acto tuvo lugar en el estacionamiento del Teatro del Bicentenario donde se entregaron 20 camionetas \u201cKangoo\u201d equipadas con capacidad para trasladar hasta 5 personas. Adem\u00e1s, 5 camionetas 4&#215;4 con equipamiento adecuado para trabajar en cualquier terreno y 5 minibuses, con capacidad para trasladar a 17 personas y con todas las normas de seguridad exigidas por las leyes de tr\u00e1nsito.<\/p>\n<p>El gobernador Sergio U\u00f1ac puso en valor la inversi\u00f3n destinada a la adquisici\u00f3n de las nuevas movilidades, detallando que la misma alcanz\u00f3 \u201c270 millones de pesos, que son fondos compartidos entre el Ministerio de Salud de Naci\u00f3n y el Ministerio de Salud de la provincia\u201d.<\/p>\n<p>Luego, record\u00f3 que \u201cdesde finales del a\u00f1o pasado a este a\u00f1o hemos dado buenas noticias en salud, como por ejemplo la ampliaci\u00f3n del hospitale\u00a0<a href=\"https:\/\/sisanjuan.gob.ar\/gobernador\/2022-12-20\/46180-el-hospital-marcial-quiroga-inauguro-su-obra-de-ampliacion\">Marcial Quiroga<\/a>, del hospital que se est\u00e1 construyendo\u00a0<a href=\"https:\/\/sisanjuan.gob.ar\/gobernador\/2023-01-25\/46782-ya-tiene-un-40-de-avance-la-obra-del-hospital-aldo-cantoni-en-calingasta\">en Calingasta<\/a>.\u00a0<a href=\"https:\/\/sisanjuan.gob.ar\/salud-publica\/2023-01-24\/46765-el-hospital-marcial-quiroga-sumo-el-tomografo-de-alta-tecnologia-mas-completo-de-cuyo\">Lleg\u00f3 un tom\u00f3grafo<\/a>, que tambi\u00e9n es una buena noticia. Tambi\u00e9n, visit\u00e9 hace poco el Hospital de Rodeo y vamos a seguir con las licitaciones para el hospital de Zonda, de Ullum, de San Mart\u00edn, de Caucete, el de Valle F\u00e9rtil tambi\u00e9n y con el microhospital de los Berros\u201d.<\/p>\n<p>Por \u00faltimo dijo que \u201cdurante esta gesti\u00f3n hemos logrado federalizar a\u00fan m\u00e1s la salud. Hemos llegado a las zonas m\u00e1s alejadas y esto es gracias a los profesionales de la salud\u201d.<\/p>\n<p>La ministra de Salud P\u00fablica de la Provincia, Alejandra Venerando, por su parte explic\u00f3 que las 30 unidades entregadas \u00abservir\u00e1n para el acercamiento y calidad de traslado de pacientes, mejorando la accesibilidad al sistema de salud\u201d.<\/p>\n<p>En el acto tambi\u00e9n estuvieron presentes el secretario de Hacienda y Finanzas, CPN Gerardo Torrent; el secretario administrativo, Lic. Guillermo Benelbaz; la secretaria de Planificaci\u00f3n, Dra. Alina Almaz\u00e1n; el subsecretario de Medicina Preventiva, Dr. Mat\u00edas Espejo; la directora m\u00e9dica del Hospital Guillermo Rawson, Dra. Mariana Miguez; el director administrativo del Hospital Guillermo Rawson, Dr. Mario S\u00e1nchez y el director Ejecutivo del Hospital Marcial Quiroga, Dr. Andr\u00e9s Escudero.<\/p>\n<p>Adem\u00e1s, estuvieron el jefe de Zona Sanitaria I, Dr. Miguel Coria; el jefe de Zona Sanitaria II, Dr. Diego Olivares; el jefe de Zona Sanitaria V, Dra. Ivana Garz\u00f3n y jefes de \u00e1reas.<\/p>\n<p><span style=\"color: #ff0000;\"><strong>El destino de las 30 movilidades<\/strong><\/span><\/p>\n<ul>\n<li>6 Kangoo y 3 camionetas para Nivel Central del Ministerio de Salud<\/li>\n<li>1 Kangoo para la Direcci\u00f3n de Reconocimientos M\u00e9dicos<\/li>\n<li>1 Kangoo para el Departamento Abastecimiento<\/li>\n<li>3 Kangoo al Programa Provincial de Control de Vectores<\/li>\n<li>1 Kangoo al Hospital Dr. C\u00e9sar Aguilar, departamento Caucete<\/li>\n<li>1 Kangoo para la Zona Sanitaria I<\/li>\n<li>1 Kangoo para la Zona Sanitaria II<\/li>\n<li>1 Kangoo y 1 minib\u00fas para la Zona Sanitaria III<\/li>\n<li>1 Kangoo, 1 camioneta y 1 minib\u00fas para la Zona Sanitaria IV<\/li>\n<li>1 Kangoo, y 1 Minib\u00fas para la Zona Sanitaria V<\/li>\n<li>1 Kangoo para el Hospital Marcial Quiroga<\/li>\n<li>1 Kangoo para el Centro Espa\u00f1ol para el Manejo de Enfermedades Cr\u00f3nicas &#8211; CEMEC<\/li>\n<li>1 Kangoo para el Hospital Guillermo Rawson<\/li>\n<li>1 camioneta para Canme<\/li>\n<li>1 minib\u00fas para el Hospital General Dra. Julieta Lanteri<\/li>\n<li>1 minib\u00fas para las Unidades Sanitarias M\u00f3viles<\/li>\n<\/ul>\n","protected":false},"excerpt":{"rendered":"<p>El gobernador de San Juan, Dr. Sergio U\u00f1ac presidi\u00f3 el acto de entrega de movilidades para hospitales, centros de salud<\/p>\n","protected":false},"author":3,"featured_media":56074,"comment_status":"closed","ping_status":"closed","sticky":false,"template":"","format":"standard","meta":{"_acf_changed":false,"_seopress_robots_primary_cat":"none","_seopress_titles_title":"","_seopress_titles_desc":"","_seopress_robots_index":"","colormag_page_container_layout":"default_layout","colormag_page_sidebar_layout":"default_layout","footnotes":""},"categories":[1],"tags":[],"class_list":["post-56071","post","type-post","status-publish","format-standard","has-post-thumbnail","hentry","category-destacadas"],"acf":[],"_links":{"self":[{"href":"https:\/\/vocesparalelas.com.ar\/sitio\/wp-json\/wp\/v2\/posts\/56071","targetHints":{"allow":["GET"]}}],"collection":[{"href":"https:\/\/vocesparalelas.com.ar\/sitio\/wp-json\/wp\/v2\/posts"}],"about":[{"href":"https:\/\/vocesparalelas.com.ar\/sitio\/wp-json\/wp\/v2\/types\/post"}],"author":[{"embeddable":true,"href":"https:\/\/vocesparalelas.com.ar\/sitio\/wp-json\/wp\/v2\/users\/3"}],"replies":[{"embeddable":true,"href":"https:\/\/vocesparalelas.com.ar\/sitio\/wp-json\/wp\/v2\/comments?post=56071"}],"version-history":[{"count":1,"href":"https:\/\/vocesparalelas.com.ar\/sitio\/wp-json\/wp\/v2\/posts\/56071\/revisions"}],"predecessor-version":[{"id":56075,"href":"https:\/\/vocesparalelas.com.ar\/sitio\/wp-json\/wp\/v2\/posts\/56071\/revisions\/56075"}],"wp:featuredmedia":[{"embeddable":true,"href":"https:\/\/vocesparalelas.com.ar\/sitio\/wp-json\/wp\/v2\/media\/56074"}],"wp:attachment":[{"href":"https:\/\/vocesparalelas.com.ar\/sitio\/wp-json\/wp\/v2\/media?parent=56071"}],"wp:term":[{"taxonomy":"category","embeddable":true,"href":"https:\/\/vocesparalelas.com.ar\/sitio\/wp-json\/wp\/v2\/categories?post=56071"},{"taxonomy":"post_tag","embeddable":true,"href":"https:\/\/vocesparalelas.com.ar\/sitio\/wp-json\/wp\/v2\/tags?post=56071"}],"curies":[{"name":"wp","href":"https:\/\/api.w.org\/{rel}","templated":true}]}}