{"id":56067,"date":"2023-01-26T22:20:51","date_gmt":"2023-01-27T01:20:51","guid":{"rendered":"https:\/\/vocesparalelas.com.ar\/sitio\/?p=56067"},"modified":"2023-01-27T23:54:01","modified_gmt":"2023-01-28T02:54:01","slug":"nuevas-tecnicaturas-y-profesorados-del-nivel-superior-de-san-juan","status":"publish","type":"post","link":"https:\/\/vocesparalelas.com.ar\/sitio\/nuevas-tecnicaturas-y-profesorados-del-nivel-superior-de-san-juan\/","title":{"rendered":"Nuevas tecnicaturas y profesorados del Nivel Superior de San Juan"},"content":{"rendered":"<p>Los interesados tienen m\u00e1s alternativas para realizar estudios en el Nivel Superior del Ministerio de Educaci\u00f3n del Gobierno de San Juan con carreras gratuitas con amplia demanda y r\u00e1pida inserci\u00f3n laboral que se dictan en diferentes departamentos, evitando se tengan que desplazar de su lugar de residencia.<\/p>\n<p>Por ello, el El director de Educaci\u00f3n Superior del Ministerio de Educaci\u00f3n de San Juan, Lic. Carlos Canga inform\u00f3 que se crearon e implementaron nuevas tecnicaturas y profesorados con amplia demanda en mercado laboral. Los cuales de dictan en diferentes departamentos evitando el traslado de los interesados. Los mismos son gratuitas que les permiten al final de la carrera alcanzar una profesi\u00f3n y seguir si as\u00ed lo desea una formaci\u00f3n especializada para seguir carreras universitarias.<\/p>\n<p><span style=\"color: #339966;\"><strong>Carreras<\/strong><\/span><\/p>\n<ul>\n<li><span style=\"color: #339966;\"><strong>Tecnicatura Superior en Desarrollo de Software<\/strong><\/span>: se dicta en el Colegio Secundario Jorge Luis Borges, Departamento Chimbas.<\/li>\n<li><span style=\"color: #339966;\"><strong>Profesorado en Lengua y Literatura<\/strong>:<\/span> se dicta en el Colegio Secundario Profesor Froil\u00e1n Javier Ferrero, Departamento Pocito.<\/li>\n<li><span style=\"color: #339966;\"><strong>Profesorado en Biolog\u00eda<\/strong>:<\/span> se dicta en la Escuela Normal Superior Fray Justo Santa Mar\u00eda de Oro, Departamento J\u00e1chal.<\/li>\n<li><span style=\"color: #339966;\"><strong>Tecnicaturas Superior en Exploraci\u00f3n y Prospecci\u00f3n Minera y en Turismo, Gu\u00eda y Hoteler\u00eda<\/strong>:<\/span> se dicta en la Escuela Normal Superior General Manuel Belgrano, Departamento Caucete.<\/li>\n<li><span style=\"color: #339966;\"><strong>Instituto Superior T\u00e9cnico en Enolog\u00eda e Industria Frutihort\u00edcola y Tecnicatura Superior en Enolog\u00eda<\/strong>:<\/span> se dicta en la Escuela Agrot\u00e9cnica \u201cGonzalo A. Doblas\u201d, Departamento Caucete.<\/li>\n<\/ul>\n<p>Es as\u00ed que el el Lic. Canga advierte que la inscripci\u00f3n se desarrolla en Febrero, en forma presencial, con fechas y horarios a confirmar.<\/p>\n<p>Adem\u00e1s, se abre la convocatoria para docentes interesados en desempe\u00f1arse en las nuevas carreras. Est\u00e1 previsto que en Abril comiencen las clases del Ciclo Lectivo 2023.<\/p>\n<p>&nbsp;<\/p>\n<p>&nbsp;<\/p>\n","protected":false},"excerpt":{"rendered":"<p>Los interesados tienen m\u00e1s alternativas para realizar estudios en el Nivel Superior del Ministerio de Educaci\u00f3n del Gobierno de San<\/p>\n","protected":false},"author":3,"featured_media":26240,"comment_status":"closed","ping_status":"closed","sticky":false,"template":"","format":"standard","meta":{"_acf_changed":false,"_seopress_robots_primary_cat":"none","_seopress_titles_title":"","_seopress_titles_desc":"","_seopress_robots_index":"","colormag_page_container_layout":"default_layout","colormag_page_sidebar_layout":"default_layout","footnotes":""},"categories":[9],"tags":[],"class_list":["post-56067","post","type-post","status-publish","format-standard","has-post-thumbnail","hentry","category-cursos"],"acf":[],"_links":{"self":[{"href":"https:\/\/vocesparalelas.com.ar\/sitio\/wp-json\/wp\/v2\/posts\/56067","targetHints":{"allow":["GET"]}}],"collection":[{"href":"https:\/\/vocesparalelas.com.ar\/sitio\/wp-json\/wp\/v2\/posts"}],"about":[{"href":"https:\/\/vocesparalelas.com.ar\/sitio\/wp-json\/wp\/v2\/types\/post"}],"author":[{"embeddable":true,"href":"https:\/\/vocesparalelas.com.ar\/sitio\/wp-json\/wp\/v2\/users\/3"}],"replies":[{"embeddable":true,"href":"https:\/\/vocesparalelas.com.ar\/sitio\/wp-json\/wp\/v2\/comments?post=56067"}],"version-history":[{"count":1,"href":"https:\/\/vocesparalelas.com.ar\/sitio\/wp-json\/wp\/v2\/posts\/56067\/revisions"}],"predecessor-version":[{"id":56070,"href":"https:\/\/vocesparalelas.com.ar\/sitio\/wp-json\/wp\/v2\/posts\/56067\/revisions\/56070"}],"wp:featuredmedia":[{"embeddable":true,"href":"https:\/\/vocesparalelas.com.ar\/sitio\/wp-json\/wp\/v2\/media\/26240"}],"wp:attachment":[{"href":"https:\/\/vocesparalelas.com.ar\/sitio\/wp-json\/wp\/v2\/media?parent=56067"}],"wp:term":[{"taxonomy":"category","embeddable":true,"href":"https:\/\/vocesparalelas.com.ar\/sitio\/wp-json\/wp\/v2\/categories?post=56067"},{"taxonomy":"post_tag","embeddable":true,"href":"https:\/\/vocesparalelas.com.ar\/sitio\/wp-json\/wp\/v2\/tags?post=56067"}],"curies":[{"name":"wp","href":"https:\/\/api.w.org\/{rel}","templated":true}]}}