{"id":55994,"date":"2023-01-23T21:06:41","date_gmt":"2023-01-24T00:06:41","guid":{"rendered":"https:\/\/vocesparalelas.com.ar\/sitio\/?p=55994"},"modified":"2023-01-23T22:42:24","modified_gmt":"2023-01-24T01:42:24","slug":"programa-conduccion-segura-en-san-juan","status":"publish","type":"post","link":"https:\/\/vocesparalelas.com.ar\/sitio\/programa-conduccion-segura-en-san-juan\/","title":{"rendered":"Programa \u201cConducci\u00f3n Segura\u201d en San Juan"},"content":{"rendered":"<p>En el marco de las acciones que lleva a cabo el Ministerio de Gobierno de San Juan para reducir la cantidad de siniestros vehiculares y mejorar la convivencia vial, la Secretar\u00eda de Tr\u00e1nsito y Transporte sigue concientizando a ciudadanos sanjuaninos trav\u00e9s de acciones relacionadas con compartir, socializar y difundir entre las familias, los principios de la seguridad, la prevenci\u00f3n y el autocuidado con motivo de crear Conciencia Vial sostenible.<\/p>\n<p>En esta ocasi\u00f3n, el plan se despleg\u00f3 en el Centro Valenciano y Centro comercial e industrial de Santa Lucia, donde ni\u00f1os y adultos pudieron aprender a trav\u00e9s de juegos interactivos sobre las normas de seguridad vial. Tambi\u00e9n disfrutaron de un show en vivo, participaron de sorteos de elementos de protecci\u00f3n para motocicletas y bicicletas. Tambi\u00e9n hubo para finalizar un sorteo de elementos de Seguridad.<\/p>\n<p>La cartera de Gobierno tiene en agenda visitar una numerosa cantidad de clubes en los meses de las vacaciones de verano para hacer llegar la propuesta de Conducci\u00f3n Segura a todas las familias de San Juan, reforzando los principios de la seguridad, la prevenci\u00f3n y el autocuidado y creando una conciencia vial sostenible.<\/p>\n<p>&nbsp;<\/p>\n<p>&nbsp;<\/p>\n<p>&nbsp;<\/p>\n","protected":false},"excerpt":{"rendered":"<p>En el marco de las acciones que lleva a cabo el Ministerio de Gobierno de San Juan para reducir la<\/p>\n","protected":false},"author":3,"featured_media":55997,"comment_status":"closed","ping_status":"closed","sticky":false,"template":"","format":"standard","meta":{"_acf_changed":false,"_seopress_robots_primary_cat":"none","_seopress_titles_title":"","_seopress_titles_desc":"","_seopress_robots_index":"","colormag_page_container_layout":"default_layout","colormag_page_sidebar_layout":"default_layout","footnotes":""},"categories":[1],"tags":[],"class_list":["post-55994","post","type-post","status-publish","format-standard","has-post-thumbnail","hentry","category-destacadas"],"acf":[],"_links":{"self":[{"href":"https:\/\/vocesparalelas.com.ar\/sitio\/wp-json\/wp\/v2\/posts\/55994","targetHints":{"allow":["GET"]}}],"collection":[{"href":"https:\/\/vocesparalelas.com.ar\/sitio\/wp-json\/wp\/v2\/posts"}],"about":[{"href":"https:\/\/vocesparalelas.com.ar\/sitio\/wp-json\/wp\/v2\/types\/post"}],"author":[{"embeddable":true,"href":"https:\/\/vocesparalelas.com.ar\/sitio\/wp-json\/wp\/v2\/users\/3"}],"replies":[{"embeddable":true,"href":"https:\/\/vocesparalelas.com.ar\/sitio\/wp-json\/wp\/v2\/comments?post=55994"}],"version-history":[{"count":1,"href":"https:\/\/vocesparalelas.com.ar\/sitio\/wp-json\/wp\/v2\/posts\/55994\/revisions"}],"predecessor-version":[{"id":55998,"href":"https:\/\/vocesparalelas.com.ar\/sitio\/wp-json\/wp\/v2\/posts\/55994\/revisions\/55998"}],"wp:featuredmedia":[{"embeddable":true,"href":"https:\/\/vocesparalelas.com.ar\/sitio\/wp-json\/wp\/v2\/media\/55997"}],"wp:attachment":[{"href":"https:\/\/vocesparalelas.com.ar\/sitio\/wp-json\/wp\/v2\/media?parent=55994"}],"wp:term":[{"taxonomy":"category","embeddable":true,"href":"https:\/\/vocesparalelas.com.ar\/sitio\/wp-json\/wp\/v2\/categories?post=55994"},{"taxonomy":"post_tag","embeddable":true,"href":"https:\/\/vocesparalelas.com.ar\/sitio\/wp-json\/wp\/v2\/tags?post=55994"}],"curies":[{"name":"wp","href":"https:\/\/api.w.org\/{rel}","templated":true}]}}