{"id":55988,"date":"2023-01-23T18:58:10","date_gmt":"2023-01-23T21:58:10","guid":{"rendered":"https:\/\/vocesparalelas.com.ar\/sitio\/?p=55988"},"modified":"2023-01-28T21:38:21","modified_gmt":"2023-01-29T00:38:21","slug":"estrategias-contra-el-consumo-problematico-de-alcohol-en-san-juan","status":"publish","type":"post","link":"https:\/\/vocesparalelas.com.ar\/sitio\/estrategias-contra-el-consumo-problematico-de-alcohol-en-san-juan\/","title":{"rendered":"Estrategias contra el consumo problem\u00e1tico de alcohol en San Juan"},"content":{"rendered":"<p>Autoridades de San Juan junto a referentes nacionales e integrantes de diversos organismos p\u00fablicos conformaron una Mesa de Gesti\u00f3n, con el objetivo de abordar el consumo problem\u00e1tico de alcohol en forma articulada, organizada por la Direcci\u00f3n de Programas de salud, a cargo de la Lic. Teresa Laciar.<\/p>\n<p>Se formularon estrategias de monitoreo, implementaci\u00f3n y prevenci\u00f3n sobre la problem\u00e1tica del consumo nocivo de alcohol, como as\u00ed tambi\u00e9n los siniestros viales relacionados a esta conducta.<\/p>\n<p>En ese marco, se expusieron los diferentes registros estad\u00edsticos que tienen cada \u00e1rea sobre la problem\u00e1ticas y la vinculaci\u00f3n con respecto a los siniestros viales y sus consecuencias.<\/p>\n<p>Seguidamente, los referentes plantearon un plan estrat\u00e9gico para este a\u00f1o basado en la importancia de contar con un registro estad\u00edstico \u00fanico.<\/p>\n<p>Participaron en representaci\u00f3n de la Provincia el secretario t\u00e9cnico, Dr. Juan Pablo Pacheco; la secretaria de Planificaci\u00f3n, Dra. Alina Almaz\u00e1n; la coordinadora del Programa Nacional de Prevenci\u00f3n y Control de Lesiones y Sistema de Vigilancia de Lesiones, Lic. Dolores Breit; la coordinadora de Prevenci\u00f3n de Alcoholismo, Lic. D\u00e9bora Duff; el referente de DDHH, Lic. Marcelo Caputo; el director de Transito del Ministerio de Gobierno, Carlos Romero Grezzi; la referente del Observatorio de Seguridad Vial, Celina \u00c1vila; la referente del programa \u201cMunicipio Saludable\u201d, Lic. Silvia Guevara; la directora de Planificaci\u00f3n, Lic. Marcela Rodr\u00edguez y dem\u00e1s participantes pertenecientes a la direcci\u00f3n.<\/p>\n","protected":false},"excerpt":{"rendered":"<p>Autoridades de San Juan junto a referentes nacionales e integrantes de diversos organismos p\u00fablicos conformaron una Mesa de Gesti\u00f3n, con<\/p>\n","protected":false},"author":3,"featured_media":55991,"comment_status":"closed","ping_status":"closed","sticky":false,"template":"","format":"standard","meta":{"_acf_changed":false,"_seopress_robots_primary_cat":"none","_seopress_titles_title":"","_seopress_titles_desc":"","_seopress_robots_index":"","colormag_page_container_layout":"default_layout","colormag_page_sidebar_layout":"default_layout","footnotes":""},"categories":[2],"tags":[],"class_list":["post-55988","post","type-post","status-publish","format-standard","has-post-thumbnail","hentry","category-convocatorias"],"acf":[],"_links":{"self":[{"href":"https:\/\/vocesparalelas.com.ar\/sitio\/wp-json\/wp\/v2\/posts\/55988","targetHints":{"allow":["GET"]}}],"collection":[{"href":"https:\/\/vocesparalelas.com.ar\/sitio\/wp-json\/wp\/v2\/posts"}],"about":[{"href":"https:\/\/vocesparalelas.com.ar\/sitio\/wp-json\/wp\/v2\/types\/post"}],"author":[{"embeddable":true,"href":"https:\/\/vocesparalelas.com.ar\/sitio\/wp-json\/wp\/v2\/users\/3"}],"replies":[{"embeddable":true,"href":"https:\/\/vocesparalelas.com.ar\/sitio\/wp-json\/wp\/v2\/comments?post=55988"}],"version-history":[{"count":1,"href":"https:\/\/vocesparalelas.com.ar\/sitio\/wp-json\/wp\/v2\/posts\/55988\/revisions"}],"predecessor-version":[{"id":55992,"href":"https:\/\/vocesparalelas.com.ar\/sitio\/wp-json\/wp\/v2\/posts\/55988\/revisions\/55992"}],"wp:featuredmedia":[{"embeddable":true,"href":"https:\/\/vocesparalelas.com.ar\/sitio\/wp-json\/wp\/v2\/media\/55991"}],"wp:attachment":[{"href":"https:\/\/vocesparalelas.com.ar\/sitio\/wp-json\/wp\/v2\/media?parent=55988"}],"wp:term":[{"taxonomy":"category","embeddable":true,"href":"https:\/\/vocesparalelas.com.ar\/sitio\/wp-json\/wp\/v2\/categories?post=55988"},{"taxonomy":"post_tag","embeddable":true,"href":"https:\/\/vocesparalelas.com.ar\/sitio\/wp-json\/wp\/v2\/tags?post=55988"}],"curies":[{"name":"wp","href":"https:\/\/api.w.org\/{rel}","templated":true}]}}