{"id":55981,"date":"2023-01-23T14:49:18","date_gmt":"2023-01-23T17:49:18","guid":{"rendered":"https:\/\/vocesparalelas.com.ar\/sitio\/?p=55981"},"modified":"2023-01-23T14:49:18","modified_gmt":"2023-01-23T17:49:18","slug":"1-etapa-de-la-vuelta-a-san-juan-2023-fue-la-victoria-de-sam-bennett","status":"publish","type":"post","link":"https:\/\/vocesparalelas.com.ar\/sitio\/1-etapa-de-la-vuelta-a-san-juan-2023-fue-la-victoria-de-sam-bennett\/","title":{"rendered":"1\u00b0 Etapa de la Vuelta a San Juan 2023 fue la victoria de Sam Bennett"},"content":{"rendered":"<p>Por fin volvi\u00f3 la Vuelta a San Juan. Despu\u00e9s de dos a\u00f1os, este domingo el deporte pasi\u00f3n de lo sanjuaninos volvi\u00f3 a la ruta con la competencia m\u00e1s importante del pa\u00eds, la 39\u00b0 edici\u00f3n categor\u00eda UCI Pro Series, es la primera competencia del a\u00f1o del calendario 2023 de la Uni\u00f3n Ciclista Internacional. Por ello el slogan de que en San Juan es \u201cdonde todo empieza\u201d y en la 1\u00b0 etapa fue Sam Bennett en un peleado sprint final el que logr\u00f3 quedarse con la primera etapa de la competencia, con punto de llegada en el Estadio Aldo Cantoni.<\/p>\n<p>De movida un grupo de pedalistas sali\u00f3 a despegarse del pelot\u00f3n, llegando a sacar 2:45 minutos de diferencia. Fueron 10 valientes ante la fuerza del viento: 173-Leonardo Cobarrubia (SEP San Juan), 185-Dar\u00edo \u00c1lvarez (Chimbas Te Quiero), 202- Daniel Ju\u00e1rez (V\u00edrgen de F\u00e1tima), 162- Jos\u00e9 Mart\u00edn Reyes (Municipio de Pocito), 95-Manuele Tarozzi (Bardiani), 154- Marcelo M\u00e9ndez (Municipio de Rawson), 236- Christofer Jurado y 232-Gabriel Espinosa (Panam\u00e1) 256- Cristian Hern\u00e1ndez (Uruguay) y 244-Francisco Korsakis (Chile).<\/p>\n<p>Las diferencias se estiraban en la ida a la Difunta Correa. En la intersecci\u00f3n de ruta Nacional 20 y 141, ya separaban 2:45 minutos, sin embargo, en la llegada al paraje de Vallecito, se hab\u00eda acortado a 1:30 minutos. Asi comenzaron a descender buscando las \u00faltimas dos metas bonificadas, ante una gran cantidad de p\u00fablico al costado del camino, completando pr\u00e1cticamente todas las banquinas laterales con banderas y su aliento al paso de los competidores.<\/p>\n<p>Esta decena de pedalistas, fueron los pelearon por las cuatro metas bonificadas: las metas sprint en Caucete y las metas de monta\u00f1a en la Cuesta de las Vacas. En las de monta\u00f1a, que se definieron primero, fue el paname\u00f1o Christofer Jurado el ganador de ambas y con 6 puntos comenz\u00f3 liderando y ma\u00f1ana lunes lucir\u00e1 la casaca l\u00edder. Lo escoltaron Nahuel M\u00e9ndez (Municipalidad de Rawson) y el italiano Manuele Tarozzi (Bardiani).<\/p>\n<p>Ya en pleno descenso, el pelot\u00f3n comenz\u00f3 a recortar la diferencia, y terminado el mismo, solo 50 segundos lo separaban de los punteros, que ya no eran 10, sino 9 por el pinchazo del paname\u00f1o Gabriel Espinosa, que qued\u00f3 a la vera del camino, aunque luego del sprint de la meta de monta\u00f1a, estos nueve l\u00edderes se distanciaron, y solo tres se fueron en la punta Cobarrubia (173), Tarozzi (95) y Ju\u00e1rez (202), con el pelot\u00f3n pis\u00e1ndole los talones, y que buscaban desesperadamente llegar a Caucete para pelear por la \u00faltima meta sprint.<\/p>\n<p>Precisamente Leonardo Cobarrubia (SEP San Juan) hab\u00eda ganado en calle Paula de Sarmiento la meta sprint de ida. A los tres escapados se sum\u00f3 el \u201cColo\u201d Leandro Vel\u00e1rdez (Municip. de Pocito), y de estar a 5 segundos del pelot\u00f3n, lograron estirar a 30 y luego a 45, para buscar la \u00faltima meta en Caucete. El italiano y el Colo Vel\u00e1rdez, hacen una peque\u00f1a diferencia sobre Cobarrubia y Ju\u00e1rez, cuando entraban en calle Sarmiento a 7 kil\u00f3metros de la meta sprint. Finalmente el sanjuanino, municipal de Pocito, se qued\u00f3 con la meta, compartiendo el liderazgo de metas sprint con Leo Cobarrubia.<\/p>\n<p>Desde este punto, a 45 kms de la meta, los dos protagonistas de la fuga aprovecharon el embalaje y siguieron sacando diferencias. Por ello, en plena Ruta 20 y ya 40 kms de la llegada, separaban 1:18 min con el pelot\u00f3n. Sin embargo, como era previsible, el trabajo del grupo mayoritario comenz\u00f3 a hacerse efectivo a medida que se recortaban los kil\u00f3metros y las diferencias comenzaron a acortarse sensiblemente.<\/p>\n<p>A los 28 kms de la meta ya eran 38 segundos la diferencia, sin embargo, a los 22,5 kms fueron neutralizados y ah\u00ed comenz\u00f3 otra carrera. Los equipos World Tour siguieron con el trabajo en los \u00faltimos kil\u00f3metros donde el brasile\u00f1o Vinicius (Movistar) comenz\u00f3 haciendo el desgaste inicial. Los pedalistas del Soudal, del Bora y del DSM, destacaban, junto al argentino Maximiliano Richeze y el italiano Giacomo Nizzolo del Israel Premimer Tech. La peligrosidad de diferentes situaciones en la zona urbana fue una constante en los \u00faltimos kil\u00f3metros de carrera, como los boulevard de las avenidas, que fueron esquivados temerariamente por los competidores.<\/p>\n<p>Un enorme sprint que arranc\u00f3 en la pen\u00faltima curva de la etapa, con 1,2 kms por delante, dej\u00f3 ingresando en calle Urquiza, en los \u00faltimos 250 metros, un espectacular embalaje final entre Sam Bennett y Danny Van Poppel del Bora, el dan\u00e9s Michael Morkov (Soudal), el italiano Nizzolo del Israel Premimer Tech. Finalmente fue\u00a0Sam Bennett (Bora hansgrohe), quien se qued\u00f3 con la primera etapa, aventajando al dan\u00e9s\u00a0Michael Morkov (Soudal Quick Step)\u00a0y tercero\u00a0Giacomo Nizzolo (Israel Premimer Tech).<\/p>\n<p>Ma\u00f1ana lunes se disputar\u00e1 la Etapa 2 que unir\u00e1 San Agust\u00edn de Valle F\u00e9rtil con San Jos\u00e9 de J\u00e1chal. Tendr\u00e1 largada en Plaza San Agust\u00edn a las 14:10 hs y recorrer\u00e1 201 kms hasta finalizar frente al estadio Papa Francisco.<\/p>\n<p><strong><span style=\"color: #0000ff;\">Clasificaci\u00f3n 1\u00b0 Etapa\/Clasificaci\u00f3n General<\/span><\/strong><\/p>\n<p>1\u00b0 &#8211; (IRL) Sam Bennett (Bora hansgrohe) \u2013 3h19m16s<br \/>\n2\u00b0 &#8211; (DIN) Michael Morkov (Soudal Quick Step)<br \/>\n3\u00b0 &#8211; (ITA) Giacomo Nizzolo (Israel Premimer Tech)<br \/>\n4\u00b0 &#8211; (NED) Danny Van Poppel (Bora hansgrohe)<br \/>\n5\u00b0 &#8211; (RUS) Gleb Syritsa (Astana)<br \/>\n6\u00b0 &#8211; (ITA) El\u00eda Viviani (Ineos)<br \/>\n7\u00b0 &#8211; (SLO) Peter Sagan (TotalEnergies)<br \/>\n8\u00b0 &#8211; (ECU) Jhonatan Narv\u00e1ez (Ineos)<br \/>\n9\u00b0 &#8211; (ITA) Enrico Zanoncello (Bardiani)<br \/>\n10\u00b0-(ITA) Attilio Viviani (Corratec)<\/p>\n<p><strong><span style=\"color: #0000ff;\">Metas Sprint<\/span><\/strong><\/p>\n<p>1\u00b0 Leonardo Cobarrubia (SEP San Juan) y Leandro Vel\u00e1squez (Municip. De Pocito) \u2013 3 puntos<br \/>\n2\u00b0 Dar\u00edo \u00c1lvarez (Chimbas Te Quiero), Manuele Tarozzi (Bardiani) y Daniel Ju\u00e1rez (Virgen de F\u00e1tima) \u2013 2 puntos<br \/>\n<strong><br \/>\n<span style=\"color: #0000ff;\">Metas de Monta\u00f1a<\/span><\/strong><\/p>\n<p>1\u00b0 Christofer Jurado (Panam\u00e1) \u2013 6 puntos<br \/>\n2\u00b0 Nahuel M\u00e9ndez (Municipalidad de Rawson) &#8211; 4 puntos<br \/>\n3\u00b0 Manuele Tarozzi (Bardiani) \u2013 2 puntos<\/p>\n<p><iframe loading=\"lazy\" title=\"VUELTA A SAN JUAN 2023\" width=\"800\" height=\"600\" src=\"https:\/\/www.youtube.com\/embed\/K5uCfOhOLps?feature=oembed\" frameborder=\"0\" allow=\"accelerometer; autoplay; clipboard-write; encrypted-media; gyroscope; picture-in-picture; web-share\" allowfullscreen><\/iframe><\/p>\n","protected":false},"excerpt":{"rendered":"<p>Por fin volvi\u00f3 la Vuelta a San Juan. Despu\u00e9s de dos a\u00f1os, este domingo el deporte pasi\u00f3n de lo sanjuaninos<\/p>\n","protected":false},"author":3,"featured_media":55984,"comment_status":"closed","ping_status":"closed","sticky":false,"template":"","format":"video","meta":{"_acf_changed":false,"_seopress_robots_primary_cat":"none","_seopress_titles_title":"","_seopress_titles_desc":"","_seopress_robots_index":"","colormag_page_container_layout":"default_layout","colormag_page_sidebar_layout":"default_layout","footnotes":""},"categories":[1,7],"tags":[],"class_list":["post-55981","post","type-post","status-publish","format-video","has-post-thumbnail","hentry","category-destacadas","category-videos","post_format-post-format-video"],"acf":[],"_links":{"self":[{"href":"https:\/\/vocesparalelas.com.ar\/sitio\/wp-json\/wp\/v2\/posts\/55981","targetHints":{"allow":["GET"]}}],"collection":[{"href":"https:\/\/vocesparalelas.com.ar\/sitio\/wp-json\/wp\/v2\/posts"}],"about":[{"href":"https:\/\/vocesparalelas.com.ar\/sitio\/wp-json\/wp\/v2\/types\/post"}],"author":[{"embeddable":true,"href":"https:\/\/vocesparalelas.com.ar\/sitio\/wp-json\/wp\/v2\/users\/3"}],"replies":[{"embeddable":true,"href":"https:\/\/vocesparalelas.com.ar\/sitio\/wp-json\/wp\/v2\/comments?post=55981"}],"version-history":[{"count":1,"href":"https:\/\/vocesparalelas.com.ar\/sitio\/wp-json\/wp\/v2\/posts\/55981\/revisions"}],"predecessor-version":[{"id":55985,"href":"https:\/\/vocesparalelas.com.ar\/sitio\/wp-json\/wp\/v2\/posts\/55981\/revisions\/55985"}],"wp:featuredmedia":[{"embeddable":true,"href":"https:\/\/vocesparalelas.com.ar\/sitio\/wp-json\/wp\/v2\/media\/55984"}],"wp:attachment":[{"href":"https:\/\/vocesparalelas.com.ar\/sitio\/wp-json\/wp\/v2\/media?parent=55981"}],"wp:term":[{"taxonomy":"category","embeddable":true,"href":"https:\/\/vocesparalelas.com.ar\/sitio\/wp-json\/wp\/v2\/categories?post=55981"},{"taxonomy":"post_tag","embeddable":true,"href":"https:\/\/vocesparalelas.com.ar\/sitio\/wp-json\/wp\/v2\/tags?post=55981"}],"curies":[{"name":"wp","href":"https:\/\/api.w.org\/{rel}","templated":true}]}}