{"id":55965,"date":"2023-01-21T20:47:16","date_gmt":"2023-01-21T23:47:16","guid":{"rendered":"https:\/\/vocesparalelas.com.ar\/sitio\/?p=55965"},"modified":"2023-01-27T00:55:18","modified_gmt":"2023-01-27T03:55:18","slug":"exposicion-de-artesanias-certificadas-2023-de-san-juan","status":"publish","type":"post","link":"https:\/\/vocesparalelas.com.ar\/sitio\/exposicion-de-artesanias-certificadas-2023-de-san-juan\/","title":{"rendered":"Exposici\u00f3n de Artesan\u00edas Certificadas 2023 de San Juan"},"content":{"rendered":"<p>El pasado diciembre, el Ministerio de Turismo y Cultura del Gobierno de San Juan, a trav\u00e9s del Mercado Artesanal Tradicional Luisa Escudero, otorg\u00f3 el Sello de Calidad y Origen\u00a0a 132 productos de 65 destacados artesanos de San Juan. Dicha distinci\u00f3n les permite facilitar su comercializaci\u00f3n y posicionamiento en los mercados.<\/p>\n<p>El origen de las piezas es diverso y casi todos los departamentos est\u00e1n representados por la destreza de sus maestros artesanos. La muestra est\u00e1 conformada por piezas realizadas con t\u00e9cnicas y procesos manuales de diferentes oficios tradicionales. Entre ellos: cer\u00e1mica, tallado en piedra y madera, orfebrer\u00eda, cester\u00eda, cuchiller\u00eda, textiler\u00eda, soguer\u00eda e hilander\u00eda.<\/p>\n<p>Las materias primas protagonistas son la arcilla local, lana natural, algarrobo, piedra y en menor cantidad (pero con gran protagonismo), la hoja de palma y el pasto coir\u00f3n.<\/p>\n<p>En caso de que alguien desee adquirir alguna artesan\u00eda, hay una tienda que cuenta con una magn\u00edfica curadur\u00eda de piezas en exhibici\u00f3n para su venta.<\/p>\n<p>All\u00ed est\u00e1n expuestos objetos en cuero como billeteras, cintos, materas, enriendados, cuchiller\u00eda con fundas trenzadas, monturas vallistas; objetos cer\u00e1micos como las tradicionales piezas en arcilla roja de las comunidades huarpes o utilitarias esgrafiadas con esmaltes.<\/p>\n<p>Por otro lado, hay una gran variedad de textiles de nuestras maestras teleras como ponchos, frazadas, mantas, ruanas, pie de cama o de mesa, peleros, alforjas listadas o bordadas con flores.<\/p>\n<p>Por \u00faltimo, en cuanto a la Cester\u00eda, diversos canastos o contenedores de mimbre. Sobresalen los objetos tallados en madera como tablas, bateas y los de piedra morteros y conanas.<\/p>\n<p>El Mercado Tradicional Artesanal Luisa Escudero est\u00e1 ubicado en la intersecci\u00f3n de las calles\u00a0Pedro Echag\u00fce oeste y avenida Espa\u00f1a norte, en Capital. Sus horarios de visita son de\u00a0lunes a viernes de 9 a 20 y s\u00e1bados de 9 a 13.<\/p>\n","protected":false},"excerpt":{"rendered":"<p>El pasado diciembre, el Ministerio de Turismo y Cultura del Gobierno de San Juan, a trav\u00e9s del Mercado Artesanal Tradicional<\/p>\n","protected":false},"author":3,"featured_media":10610,"comment_status":"closed","ping_status":"closed","sticky":false,"template":"","format":"standard","meta":{"_acf_changed":false,"_seopress_robots_primary_cat":"none","_seopress_titles_title":"","_seopress_titles_desc":"","_seopress_robots_index":"","colormag_page_container_layout":"default_layout","colormag_page_sidebar_layout":"default_layout","footnotes":""},"categories":[20],"tags":[],"class_list":["post-55965","post","type-post","status-publish","format-standard","has-post-thumbnail","hentry","category-cartelera"],"acf":[],"_links":{"self":[{"href":"https:\/\/vocesparalelas.com.ar\/sitio\/wp-json\/wp\/v2\/posts\/55965","targetHints":{"allow":["GET"]}}],"collection":[{"href":"https:\/\/vocesparalelas.com.ar\/sitio\/wp-json\/wp\/v2\/posts"}],"about":[{"href":"https:\/\/vocesparalelas.com.ar\/sitio\/wp-json\/wp\/v2\/types\/post"}],"author":[{"embeddable":true,"href":"https:\/\/vocesparalelas.com.ar\/sitio\/wp-json\/wp\/v2\/users\/3"}],"replies":[{"embeddable":true,"href":"https:\/\/vocesparalelas.com.ar\/sitio\/wp-json\/wp\/v2\/comments?post=55965"}],"version-history":[{"count":1,"href":"https:\/\/vocesparalelas.com.ar\/sitio\/wp-json\/wp\/v2\/posts\/55965\/revisions"}],"predecessor-version":[{"id":55968,"href":"https:\/\/vocesparalelas.com.ar\/sitio\/wp-json\/wp\/v2\/posts\/55965\/revisions\/55968"}],"wp:featuredmedia":[{"embeddable":true,"href":"https:\/\/vocesparalelas.com.ar\/sitio\/wp-json\/wp\/v2\/media\/10610"}],"wp:attachment":[{"href":"https:\/\/vocesparalelas.com.ar\/sitio\/wp-json\/wp\/v2\/media?parent=55965"}],"wp:term":[{"taxonomy":"category","embeddable":true,"href":"https:\/\/vocesparalelas.com.ar\/sitio\/wp-json\/wp\/v2\/categories?post=55965"},{"taxonomy":"post_tag","embeddable":true,"href":"https:\/\/vocesparalelas.com.ar\/sitio\/wp-json\/wp\/v2\/tags?post=55965"}],"curies":[{"name":"wp","href":"https:\/\/api.w.org\/{rel}","templated":true}]}}