{"id":55960,"date":"2023-01-20T23:09:14","date_gmt":"2023-01-21T02:09:14","guid":{"rendered":"https:\/\/vocesparalelas.com.ar\/sitio\/?p=55960"},"modified":"2023-01-21T00:09:30","modified_gmt":"2023-01-21T03:09:30","slug":"se-presento-la-39o-edicion-de-la-vuelta-a-san-juan","status":"publish","type":"post","link":"https:\/\/vocesparalelas.com.ar\/sitio\/se-presento-la-39o-edicion-de-la-vuelta-a-san-juan\/","title":{"rendered":"Se present\u00f3 la 39\u00ba edici\u00f3n de la Vuelta a San Juan"},"content":{"rendered":"<p>El Sal\u00f3n Tehuel del Hotel del Bono Park fue escenario de la conferencia de prensa de presentaci\u00f3n de la 39\u00ba Vuelta Internacional a San Juan, la m\u00e1xima expresi\u00f3n cicl\u00edstica de la Rep\u00fablica Argentina, que en su edici\u00f3n n\u00famero 39 se disputa del 22 al 29 de Enero de 2023.<\/p>\n<p>El gobernador de San Juan, Dr. Sergio U\u00f1ac presidi\u00f3 el acto acompa\u00f1ado por el secretario de Estado de Deportes, Jorge Chica y el presidente del Pedal Club Olimpia, Juan Ernesto Pacheco.<\/p>\n<p>La tradicional competencia contar\u00e1 con siete etapas y la participaci\u00f3n de 26 equipos internacionales, recorriendo por primera vez los 19 departamentos de la provincia y sirviendo de veh\u00edculo para promocionar el potencial tur\u00edstico y deportivo de San Juan.<\/p>\n<p>En su discurso, el gobernador Dr. U\u00f1ac destac\u00f3 el posicionamiento de San Juan como capital del deporte argentino y la trascendencia internacional alcanzada por diversos eventos deportivos organizados en la provincia.<\/p>\n<p>Seguidamente, se refiri\u00f3 a la fuerte identificaci\u00f3n del ciclismo por parte de los sanjuaninos y anticip\u00f3 que \u00abesta edici\u00f3n de la Vuelta ser\u00e1 la m\u00e1s importante que el ciclismo sanjuanino pueda recordar\u00bb<\/p>\n<p>Para cerrar, el mandatario asegur\u00f3 que \u00abla promoci\u00f3n del deporte genera un mayor crecimiento tur\u00edstico y una protecci\u00f3n permanente del empleo local\u00bb.<\/p>\n<p>Por su parte, el secretario de Estado de Deportes valor\u00f3 el trabajo conjunto y articulado que hace posible la organizaci\u00f3n de la Vuelta Internacional a San Juan y acot\u00f3 que la competencia permite \u00abseguir revalorizando el ciclismo, que es nuestro ADN\u00bb.<\/p>\n<p>Adem\u00e1s, hizo menci\u00f3n el espacio que la prueba ofrece al deporte inclusivo, a los j\u00f3venes y al ciclismo femenino: \u00abHemos ganado un mont\u00f3n porque le estamos dando la oportunidad a muchos chicos\u00bb, sentenci\u00f3.<\/p>\n<p>A su turno, el presidente del Pedal Club Olimpia se refiri\u00f3 al trabajo organizativo durante el \u00faltimo a\u00f1o: \u00abHe tenido la suerte de recorrer todas las etapas y les puedo decir que va a ser una hermosa carrera. Me animo a decir que va a ser la mejor\u00bb.<\/p>\n<p>Esta edici\u00f3n de la Vuelta a San Juan ser\u00e1 m\u00e1s competitiva porque ser\u00e1 una de las carreras que m\u00e1s puntaje dar\u00e1 durante el primer semestre. Los equipos vendr\u00e1n a San Juan a ganar para acumular puntos en el nuevo sistema de clasificaci\u00f3n de la UCI.<\/p>\n<p>Durante el acto participaron adem\u00e1s la ministra de Salud, Alejandra Venerando; el intendente de Pocito, Armando S\u00e1nchez, en representaci\u00f3n del Concejo Deliberante de Capital, Betty Mu\u00f1oz; jefe de la X Agrupaci\u00f3n San Juan de Gendarmer\u00eda, Adri\u00e1n C\u00e1mera; el defensor del Pueblo, Pablo Garc\u00eda Nieto; y dem\u00e1s autoridades provinciales. Adem\u00e1s estuvieron presentes la ganadora de la Vuelta Femenina, Magal\u00ed Balmaceda, el actual campe\u00f3n Panamericano de Ciclismo de Ruta, Emiliano Contreras y ciclistas que participar\u00e1n en la competencia.<\/p>\n<p><iframe loading=\"lazy\" title=\"Hoy se realiz\u00f3 la conferencia de prensa de la 39 edici\u00f3n de la Vuelta a San Juan\" width=\"800\" height=\"450\" src=\"https:\/\/www.youtube.com\/embed\/8LGJ02OD1b4?feature=oembed\" frameborder=\"0\" allow=\"accelerometer; autoplay; clipboard-write; encrypted-media; gyroscope; picture-in-picture; web-share\" allowfullscreen><\/iframe><\/p>\n<p>&nbsp;<\/p>\n","protected":false},"excerpt":{"rendered":"<p>El Sal\u00f3n Tehuel del Hotel del Bono Park fue escenario de la conferencia de prensa de presentaci\u00f3n de la 39\u00ba<\/p>\n","protected":false},"author":3,"featured_media":55963,"comment_status":"closed","ping_status":"closed","sticky":false,"template":"","format":"video","meta":{"_acf_changed":false,"_seopress_robots_primary_cat":"none","_seopress_titles_title":"","_seopress_titles_desc":"","_seopress_robots_index":"","colormag_page_container_layout":"default_layout","colormag_page_sidebar_layout":"default_layout","footnotes":""},"categories":[1,7],"tags":[],"class_list":["post-55960","post","type-post","status-publish","format-video","has-post-thumbnail","hentry","category-destacadas","category-videos","post_format-post-format-video"],"acf":[],"_links":{"self":[{"href":"https:\/\/vocesparalelas.com.ar\/sitio\/wp-json\/wp\/v2\/posts\/55960","targetHints":{"allow":["GET"]}}],"collection":[{"href":"https:\/\/vocesparalelas.com.ar\/sitio\/wp-json\/wp\/v2\/posts"}],"about":[{"href":"https:\/\/vocesparalelas.com.ar\/sitio\/wp-json\/wp\/v2\/types\/post"}],"author":[{"embeddable":true,"href":"https:\/\/vocesparalelas.com.ar\/sitio\/wp-json\/wp\/v2\/users\/3"}],"replies":[{"embeddable":true,"href":"https:\/\/vocesparalelas.com.ar\/sitio\/wp-json\/wp\/v2\/comments?post=55960"}],"version-history":[{"count":1,"href":"https:\/\/vocesparalelas.com.ar\/sitio\/wp-json\/wp\/v2\/posts\/55960\/revisions"}],"predecessor-version":[{"id":55964,"href":"https:\/\/vocesparalelas.com.ar\/sitio\/wp-json\/wp\/v2\/posts\/55960\/revisions\/55964"}],"wp:featuredmedia":[{"embeddable":true,"href":"https:\/\/vocesparalelas.com.ar\/sitio\/wp-json\/wp\/v2\/media\/55963"}],"wp:attachment":[{"href":"https:\/\/vocesparalelas.com.ar\/sitio\/wp-json\/wp\/v2\/media?parent=55960"}],"wp:term":[{"taxonomy":"category","embeddable":true,"href":"https:\/\/vocesparalelas.com.ar\/sitio\/wp-json\/wp\/v2\/categories?post=55960"},{"taxonomy":"post_tag","embeddable":true,"href":"https:\/\/vocesparalelas.com.ar\/sitio\/wp-json\/wp\/v2\/tags?post=55960"}],"curies":[{"name":"wp","href":"https:\/\/api.w.org\/{rel}","templated":true}]}}