{"id":55955,"date":"2023-01-20T22:12:21","date_gmt":"2023-01-21T01:12:21","guid":{"rendered":"https:\/\/vocesparalelas.com.ar\/sitio\/?p=55955"},"modified":"2023-01-27T00:56:04","modified_gmt":"2023-01-27T03:56:04","slug":"proyecto-vulnerabilidad-sismica-urbana-mediante-la-aplicacion-de-un-sistema-de-informacion-geografica","status":"publish","type":"post","link":"https:\/\/vocesparalelas.com.ar\/sitio\/proyecto-vulnerabilidad-sismica-urbana-mediante-la-aplicacion-de-un-sistema-de-informacion-geografica\/","title":{"rendered":"Proyecto \u00abVulnerabilidad s\u00edsmica urbana mediante la aplicaci\u00f3n de un sistema de informaci\u00f3n geogr\u00e1fica\u00bb"},"content":{"rendered":"<p>El proyecto \u00abVulnerabilidad s\u00edsmica urbana mediante la aplicaci\u00f3n de un sistema de informaci\u00f3n geogr\u00e1fica\u00bb de la Arq. Amelia Scognamillo, una de las ganadoras del Domingo Faustino Sarmiento en la convocatoria 2022.<\/p>\n<p>El mismo, se orienta a establecer un instrumento de gesti\u00f3n y planificaci\u00f3n territorial que pueda ser traducido a una herramienta de pol\u00edtica p\u00fablica, a trav\u00e9s de un modelo de zonificaci\u00f3n del \u00e1rea urbana del Departamento Caucete y sus alrededores.<\/p>\n<p>El objetivo es que permita configurar una organizaci\u00f3n y uso del suelo ambientalmente sustentable, acorde con sus potencialidades y limitaciones, considerando que el Departamento Caucete es de primera categor\u00eda, el segundo en orden de cantidad de poblaci\u00f3n despu\u00e9s de los que integran la denominada \u00e1rea metropolitana de la provincia &#8211; AMSJ -, y que se encuentra en una zona de evidente amenaza s\u00edsmica; resulta indudable la necesidad de avanzar en estudios de esta tem\u00e1tica.<\/p>\n<p>Haciendo \u00e9nfasis en una mirada integral, y sin perder de vista las particularidades que pueden presentar los diferentes territorios, la presente tesis se orient\u00f3 a generar un instrumento metodol\u00f3gico simple, funcional y sistem\u00e1tico, con base en un Sistema de Informaci\u00f3n Geogr\u00e1fica &#8211; SIG -, para la estimaci\u00f3n de la vulnerabilidad s\u00edsmica urbana.<\/p>\n<p>Para ello se incluyeron variables relacionadas tanto a las caracter\u00edsticas f\u00edsicas de las construcciones, como a las condiciones socio habitacionales de los pobladores, incorporando adem\u00e1s aspectos vinculados a la obsolescencia o falta de previsi\u00f3n de algunas infraestructuras, la accesibilidad o no a determinadas \u00e1reas, y la dotaci\u00f3n de determinados servicios; factores que seg\u00fan una visi\u00f3n m\u00e1s amplia podr\u00edan incrementar la vulnerabilidad.<\/p>\n<p>El trabajo inicia con la evoluci\u00f3n del concepto de riesgo y una revisi\u00f3n de los t\u00e9rminos m\u00e1s utilizados. Posteriormente se establece la propuesta metodol\u00f3gica basada en una evaluaci\u00f3n multicriterio &#8211; EMC &#8211; a trav\u00e9s de un proceso anal\u00edtico jer\u00e1rquico. Se desarrollan secuencialmente las partes del SIG, y a partir de all\u00ed, se aplica la metodolog\u00eda en el \u00e1rea urbana del departamento Caucete, estim\u00e1ndose los actuales niveles de vulnerabilidad s\u00edsmica presentes en el sector.<\/p>\n<p>La aplicaci\u00f3n de esta tecnolog\u00eda posibilit\u00f3 hacer m\u00faltiples an\u00e1lisis, variando par\u00e1metros y generando diversos escenarios en un contexto geoespacial, permitiendo crear supuestos y obtener de manera inmediata sus consecuencias. Mediante la integraci\u00f3n de gran variedad de datos se generaron secuencias programadas, obteniendo como resultado mapas interactivos de f\u00e1cil manejo y actualizaci\u00f3n.<\/p>\n<p>Como aporte final de este trabajo, a nivel metodol\u00f3gico y a nivel territorial, se establecieron consideraciones y conclusiones generales, enmarcadas en la filosof\u00eda de priorizar pol\u00edticas p\u00fablicas que tiendan a la reducci\u00f3n de riesgos a partir de un conjunto de acciones dirigidas a intervenir fundamentalmente sobre la vulnerabilidad, por sobre otro conjunto de acciones que tienden a intervenir cuando ya ha ocurrido el desastre.<\/p>\n<p>Por \u00faltimo, se puede considerar a esta tesis como una contribuci\u00f3n en la toma de decisiones, la coordinaci\u00f3n en los procesos de desarrollo, la asistencia a planificadores en la selecci\u00f3n de medidas de mitigaci\u00f3n y la implementaci\u00f3n de acciones de respuesta.<\/p>\n<p>Arq. Amelia Scognamillo obtuvo una calificaci\u00f3n de 10 felicitado con su tesis: Evaluaci\u00f3n de la vulnerabilidad s\u00edsmica urbana mediante la aplicaci\u00f3n de un Sistema de Informaci\u00f3n Geogr\u00e1fica. Caso de estudio: ciudad del Departamento Caucete.<\/p>\n<p>El premio Domingo Faustino Sarmiento reconoce el compromiso de quienes han desarrollado trabajos finales de grado o tesis doctorales y\/o de maestr\u00eda con alta relevancia y pertinencia en lo que hace al desarrollo cient\u00edfico o tecnol\u00f3gico.<\/p>\n<p>La Arq. Amelia Scognamillo manifest\u00f3 que \u00abcon el premio de $80.000 voy a invertir en la compra de libros para la biblioteca del Instituto Regional de Planeamiento y H\u00e1bitat &#8211; IRPHa &#8211; de la Facultad de Arquitectura, Urbanismo y Dise\u00f1o de la Universidad Nacional de San Juan, unidad en la que me desempe\u00f1o como investigadora desde hace m\u00e1s de 15 a\u00f1os. De esta manera, gracias al constante apoyo de la Secretaria de Estado de Ciencia y Tecnolog\u00eda e Innovaci\u00f3n del Gobierno de San Juan, Ing. Marita Benavente, todo el equipo del \u00e1rea de riesgos del instituto podr\u00e1 beneficiarse\u201d.<\/p>\n<p>Para m\u00e1s informaci\u00f3n sobre la convocatoria 2023 del premio Domingo Faustino Sarmiento dirigirse a la Direcci\u00f3n de Promoci\u00f3n Cient\u00edfica y Cooperaci\u00f3n Internacional de la SECITI, sita en el N\u00facleo 3 del 4\u00ba Piso del Centro C\u00edvico. Tel\u00e9fono 4305403 o bien, escribir a\u00a0<span id=\"cloak9c40e5598083a035f89bf6123ed8f51b\"><a href=\"mailto:jbaletti@sanjuan.gov.ar\">jbaletti@sanjuan.gov.ar<\/a><\/span><\/p>\n","protected":false},"excerpt":{"rendered":"<p>El proyecto \u00abVulnerabilidad s\u00edsmica urbana mediante la aplicaci\u00f3n de un sistema de informaci\u00f3n geogr\u00e1fica\u00bb de la Arq. Amelia Scognamillo, una<\/p>\n","protected":false},"author":3,"featured_media":55958,"comment_status":"closed","ping_status":"closed","sticky":false,"template":"","format":"standard","meta":{"_acf_changed":false,"_seopress_robots_primary_cat":"none","_seopress_titles_title":"","_seopress_titles_desc":"","_seopress_robots_index":"","colormag_page_container_layout":"default_layout","colormag_page_sidebar_layout":"default_layout","footnotes":""},"categories":[8],"tags":[],"class_list":["post-55955","post","type-post","status-publish","format-standard","has-post-thumbnail","hentry","category-concursos"],"acf":[],"_links":{"self":[{"href":"https:\/\/vocesparalelas.com.ar\/sitio\/wp-json\/wp\/v2\/posts\/55955","targetHints":{"allow":["GET"]}}],"collection":[{"href":"https:\/\/vocesparalelas.com.ar\/sitio\/wp-json\/wp\/v2\/posts"}],"about":[{"href":"https:\/\/vocesparalelas.com.ar\/sitio\/wp-json\/wp\/v2\/types\/post"}],"author":[{"embeddable":true,"href":"https:\/\/vocesparalelas.com.ar\/sitio\/wp-json\/wp\/v2\/users\/3"}],"replies":[{"embeddable":true,"href":"https:\/\/vocesparalelas.com.ar\/sitio\/wp-json\/wp\/v2\/comments?post=55955"}],"version-history":[{"count":1,"href":"https:\/\/vocesparalelas.com.ar\/sitio\/wp-json\/wp\/v2\/posts\/55955\/revisions"}],"predecessor-version":[{"id":55959,"href":"https:\/\/vocesparalelas.com.ar\/sitio\/wp-json\/wp\/v2\/posts\/55955\/revisions\/55959"}],"wp:featuredmedia":[{"embeddable":true,"href":"https:\/\/vocesparalelas.com.ar\/sitio\/wp-json\/wp\/v2\/media\/55958"}],"wp:attachment":[{"href":"https:\/\/vocesparalelas.com.ar\/sitio\/wp-json\/wp\/v2\/media?parent=55955"}],"wp:term":[{"taxonomy":"category","embeddable":true,"href":"https:\/\/vocesparalelas.com.ar\/sitio\/wp-json\/wp\/v2\/categories?post=55955"},{"taxonomy":"post_tag","embeddable":true,"href":"https:\/\/vocesparalelas.com.ar\/sitio\/wp-json\/wp\/v2\/tags?post=55955"}],"curies":[{"name":"wp","href":"https:\/\/api.w.org\/{rel}","templated":true}]}}