{"id":55949,"date":"2023-01-20T20:08:06","date_gmt":"2023-01-20T23:08:06","guid":{"rendered":"https:\/\/vocesparalelas.com.ar\/sitio\/?p=55949"},"modified":"2023-01-20T21:03:37","modified_gmt":"2023-01-21T00:03:37","slug":"exitosa-visitas-guiadas-nocturnas-al-parque-de-la-biodiversidad-de-san-juan","status":"publish","type":"post","link":"https:\/\/vocesparalelas.com.ar\/sitio\/exitosa-visitas-guiadas-nocturnas-al-parque-de-la-biodiversidad-de-san-juan\/","title":{"rendered":"Exitosa visitas guiadas nocturnas al Parque de la Biodiversidad de San Juan"},"content":{"rendered":"<p>la Secretar\u00eda de Estado de Ambiente y Desarrollo Sustentable del Gobierno de San Juan a trav\u00e9s del Parque de la Biodiversidad, congreg\u00f3 a 300 personas, que llegaron hasta el predio ubicado en el complejo El Pinar para realizar la visita guiada, conocer el trabajo que se realiza en el lugar y aprender sobre el cuidado del ambiente.<\/p>\n<p>El objetivo de esta propuesta es generar conciencia sobre el valor que adquieren los residuos que genera cada individuo y la importancia de cuidar los recursos naturales, por ello quienes participen de la visita deben canjear 10 botellas pl\u00e1sticas por entradas para el grupo familiar.<\/p>\n<p>En la noche de este jueves se dio inicio a esta propuesta, de la que participaron familias sanjuaninas y turistas, que fueron recibidos por el Secretario de Estado de Ambiente Francisco Guevara y el Director del Parque Cristian Quiroga.<\/p>\n<p>El Secretario de Ambiente destac\u00f3 respecto a esta actividad que \u201cestamos muy contentos porque nos est\u00e1n visitando turistas de otras provincias, de otros pa\u00edses y familias sanjuaninas que han canjeado las 10 botellas para ingresar al \u00e1rea y as\u00ed disfrutar de los diferentes ecosistemas que lo componen\u201d y agreg\u00f3 \u201ccon esta propuesta Verano Sustentable y la gran respuesta del p\u00fablico que se mostr\u00f3 muy interesado en conocer y aprender sobre temas ambientales, estamos sumando un nuevo producto tur\u00edstico a la provincia de San Juan.\u201d<\/p>\n<p>En cuanto al atractivo del \u00e1rea Paisaje Protegido Parque de la Biodiversidad, Quiroga coment\u00f3 que \u201cla idea es poder mostrar lugares estrat\u00e9gicos, con vegetaci\u00f3n nativa, y el parque tem\u00e1tico forestal que representa los distintos ecosistemas de Sudam\u00e9rica, especies del mundo y con\u00edferas. Tambi\u00e9n tenemos las actividades de pisicultura, paseos y miradores.\u201d<\/p>\n<p>Las visitas nocturnas al Parque se realizar\u00e1n todos los d\u00edas jueves, viernes y s\u00e1bado de enero y febrero, previa inscripci\u00f3n completando el\u00a0Formulario<\/p>\n<p><a href=\"https:\/\/docs.google.com\/forms\/d\/e\/1FAIpQLSfyVRnrnBdNAcWBRgevx8P9WfzNzWZIPr_8NhZtxmHuHkT4mw\/viewform\">https:\/\/docs.google.com\/forms\/d\/e\/1FAIpQLSfyVRnrnBdNAcWBRgevx8P9WfzNzWZIPr_8NhZtxmHuHkT4mw\/viewform<\/a><\/p>\n<p>En el marco de Verano Sustentable tambi\u00e9n se realizan visitas guiadas, con la implementaci\u00f3n de Eco Canje (10 botellas a cambio del ingreso al complejo) al Centro Ambiental Anchipurac, previa solicitud de turno en el sitio\u00a0Anchipurac<\/p>\n<p><a href=\"http:\/\/www.anchipurac.com\/\">http:\/\/www.anchipurac.com\/<\/a><\/p>\n","protected":false},"excerpt":{"rendered":"<p>la Secretar\u00eda de Estado de Ambiente y Desarrollo Sustentable del Gobierno de San Juan a trav\u00e9s del Parque de la<\/p>\n","protected":false},"author":3,"featured_media":55952,"comment_status":"closed","ping_status":"closed","sticky":false,"template":"","format":"standard","meta":{"_acf_changed":false,"_seopress_robots_primary_cat":"none","_seopress_titles_title":"","_seopress_titles_desc":"","_seopress_robots_index":"","colormag_page_container_layout":"default_layout","colormag_page_sidebar_layout":"default_layout","footnotes":""},"categories":[1],"tags":[],"class_list":["post-55949","post","type-post","status-publish","format-standard","has-post-thumbnail","hentry","category-destacadas"],"acf":[],"_links":{"self":[{"href":"https:\/\/vocesparalelas.com.ar\/sitio\/wp-json\/wp\/v2\/posts\/55949","targetHints":{"allow":["GET"]}}],"collection":[{"href":"https:\/\/vocesparalelas.com.ar\/sitio\/wp-json\/wp\/v2\/posts"}],"about":[{"href":"https:\/\/vocesparalelas.com.ar\/sitio\/wp-json\/wp\/v2\/types\/post"}],"author":[{"embeddable":true,"href":"https:\/\/vocesparalelas.com.ar\/sitio\/wp-json\/wp\/v2\/users\/3"}],"replies":[{"embeddable":true,"href":"https:\/\/vocesparalelas.com.ar\/sitio\/wp-json\/wp\/v2\/comments?post=55949"}],"version-history":[{"count":2,"href":"https:\/\/vocesparalelas.com.ar\/sitio\/wp-json\/wp\/v2\/posts\/55949\/revisions"}],"predecessor-version":[{"id":55954,"href":"https:\/\/vocesparalelas.com.ar\/sitio\/wp-json\/wp\/v2\/posts\/55949\/revisions\/55954"}],"wp:featuredmedia":[{"embeddable":true,"href":"https:\/\/vocesparalelas.com.ar\/sitio\/wp-json\/wp\/v2\/media\/55952"}],"wp:attachment":[{"href":"https:\/\/vocesparalelas.com.ar\/sitio\/wp-json\/wp\/v2\/media?parent=55949"}],"wp:term":[{"taxonomy":"category","embeddable":true,"href":"https:\/\/vocesparalelas.com.ar\/sitio\/wp-json\/wp\/v2\/categories?post=55949"},{"taxonomy":"post_tag","embeddable":true,"href":"https:\/\/vocesparalelas.com.ar\/sitio\/wp-json\/wp\/v2\/tags?post=55949"}],"curies":[{"name":"wp","href":"https:\/\/api.w.org\/{rel}","templated":true}]}}