{"id":55945,"date":"2023-01-20T20:01:57","date_gmt":"2023-01-20T23:01:57","guid":{"rendered":"https:\/\/vocesparalelas.com.ar\/sitio\/?p=55945"},"modified":"2023-01-24T01:59:59","modified_gmt":"2023-01-24T04:59:59","slug":"actividad-del-paso-internacional-de-agua-negra","status":"publish","type":"post","link":"https:\/\/vocesparalelas.com.ar\/sitio\/actividad-del-paso-internacional-de-agua-negra\/","title":{"rendered":"Actividad del Paso Internacional de Agua Negra"},"content":{"rendered":"<p>Desde el Mi\u00e9rcoles, 7 de Diciembre de 2022, qued\u00f3 formalmente habilitado el tr\u00e1nsito por el L\u00edmite Internacional Paso de Agua Negra, conectando la provincia de San Juan con la Rep\u00fablica de Chile.<\/p>\n<p>Por este motivo, la Secretar\u00eda de Relaciones Institucionales del Ministerio de Gobierno de San Juan\u00a0 trabaja proveyendo informaci\u00f3n de la actividad en el l\u00edmite fronterizo en el per\u00edodo comprendido entre el 7 de Diciembre de 2022 y el 19 de Enero de 2023, inclusive.<\/p>\n<p><span style=\"color: #339966;\"><strong>Circulaci\u00f3n<\/strong><\/span><\/p>\n<ul>\n<li>Veh\u00edculos egresados: 5032<\/li>\n<li>Personas egresadas: 18016<\/li>\n<li>Veh\u00edculos ingresados: 2936<\/li>\n<li>Personas ingresadas: 9872<\/li>\n<\/ul>\n<p><span style=\"color: #339966;\"><strong>D\u00edas y horarios<\/strong><\/span><\/p>\n<p>Desde el 08 de Diciembre de 2022 en adelante el paso funcionar\u00e1 diariamente, de lunes a domingo incluyendo d\u00edas festivos, entre las 07:00 y las 17:00 horas para usuarios que salen del pa\u00eds y de 07:00 a 21:00; horario que se mantendr\u00e1 durante toda la temporada de apertura, hasta el cierre oficial del Paso, cuya fecha ser\u00e1 comunicada oportunamente.<\/p>\n<p><span style=\"color: #339966;\"><strong>Tel\u00e9fonos de utilidad<\/strong><\/span><\/p>\n<p><span style=\"color: #339966;\"><strong>Ministerio de Gobierno &#8211; Secretar\u00eda de Relaciones Institucionales<\/strong><\/span><\/p>\n<p>TEL:(+54) (264) 4307246 &#8211; 4307251 &#8211; 4307208 Email:\u00a0<span id=\"cloak8803d2eaae2289e9b44458ebaebb79ee\"><a href=\"mailto:coop.internacional@sanjuan.gov.ar\">coop.internacional@sanjuan.gov.ar<\/a><\/span><\/p>\n<p><span style=\"color: #339966;\"><strong>Consulado General de la Rep\u00fablica Argentina en Valpara\u00edso<\/strong><\/span><\/p>\n<p>TEL: (+56) (32) 2217419 &#8211; 2213691. Guardia: (+56) (9) 93238104. Direcci\u00f3n: Blanco 625 5\u00ba piso, oficina 53, V Regi\u00f3n (casilla de correo No.1660). Email:\u00a0<span id=\"cloak420c3eac3c791a8a47e0106154cb27e8\"><a href=\"mailto:consulado@cvalp.tie.cl\">consulado@cvalp.tie.cl<\/a><\/span>\u00a0&#8211; Horario de Atenci\u00f3n de 09 a 14hs.<\/p>\n<p><span style=\"color: #339966;\"><strong>Gendarmer\u00eda Nacional Argentina<\/strong><\/span><\/p>\n<p>Guardia de prevenci\u00f3n GNA &#8211; Secci\u00f3n Las Flores TEL: (+54) (2647) 497002.<\/p>\n<p>Guardia de prevenci\u00f3n GNA &#8211; Escuadr\u00f3n 25 J\u00e1chal TEL: (+54) (2647) 420473. &#8211;<\/p>\n<p><span style=\"color: #339966;\"><strong>Direcci\u00f3n Nacional de Vialidad<\/strong><\/span><\/p>\n<p>TEL: (+54) (264) 4213534 &#8211; 4212966 &#8211; 4212532 Email:\u00a0<span id=\"cloak32d394587456a61b1df0d9c3d1e12599\"><a href=\"mailto:prensasanjuan@vialidad.gob.ar\">prensasanjuan@vialidad.gob.ar<\/a><\/span><\/p>\n<p><span style=\"color: #339966;\"><strong>Ministerio de Salud P\u00fablica &#8211; Hospital Tom\u00e1s Per\u00f3n<\/strong><\/span><\/p>\n<p>Calle Santo Domingo s\/n\u00ba, Rodeo &#8211; Iglesia &#8211; San Juan &#8211; TEL: (+54) (2647) 493045 &#8211; Emergencia 107 Protecci\u00f3n Civil Departamental Tel. (+54) (9) (264) 4118979<\/p>\n<p><span style=\"color: #339966;\"><strong>Para llamar desde Chile a San Juan, Argentina<\/strong><\/span><\/p>\n<p>A un tel\u00e9fono fijo deber\u00e1 marcar (+54)(264) + n\u00famero de tel\u00e9fono. Para el caso de llamar a celular deber\u00e1 (+54)(9)(264) + n\u00famero de celular (sin el 15 inicial).<\/p>\n<p><span style=\"color: #339966;\"><strong>Para llamar desde Argentina a Chile<\/strong><\/span><\/p>\n<p>A un tel\u00e9fono fijo deber\u00e1 marcar (+56)+c\u00f3d. de zona + n\u00famero de tel\u00e9fono (el c\u00f3digo de zona de La Serena &#8211; Coquimbo es 51). Para el caso de llamar a celular deber\u00e1 (+56)(9) + n\u00famero de celular.<\/p>\n","protected":false},"excerpt":{"rendered":"<p>Desde el Mi\u00e9rcoles, 7 de Diciembre de 2022, qued\u00f3 formalmente habilitado el tr\u00e1nsito por el L\u00edmite Internacional Paso de Agua<\/p>\n","protected":false},"author":3,"featured_media":9160,"comment_status":"closed","ping_status":"closed","sticky":false,"template":"","format":"standard","meta":{"_acf_changed":false,"_seopress_robots_primary_cat":"none","_seopress_titles_title":"","_seopress_titles_desc":"","_seopress_robots_index":"","colormag_page_container_layout":"default_layout","colormag_page_sidebar_layout":"default_layout","footnotes":""},"categories":[5],"tags":[],"class_list":["post-55945","post","type-post","status-publish","format-standard","has-post-thumbnail","hentry","category-ofrecimientos"],"acf":[],"_links":{"self":[{"href":"https:\/\/vocesparalelas.com.ar\/sitio\/wp-json\/wp\/v2\/posts\/55945","targetHints":{"allow":["GET"]}}],"collection":[{"href":"https:\/\/vocesparalelas.com.ar\/sitio\/wp-json\/wp\/v2\/posts"}],"about":[{"href":"https:\/\/vocesparalelas.com.ar\/sitio\/wp-json\/wp\/v2\/types\/post"}],"author":[{"embeddable":true,"href":"https:\/\/vocesparalelas.com.ar\/sitio\/wp-json\/wp\/v2\/users\/3"}],"replies":[{"embeddable":true,"href":"https:\/\/vocesparalelas.com.ar\/sitio\/wp-json\/wp\/v2\/comments?post=55945"}],"version-history":[{"count":1,"href":"https:\/\/vocesparalelas.com.ar\/sitio\/wp-json\/wp\/v2\/posts\/55945\/revisions"}],"predecessor-version":[{"id":55948,"href":"https:\/\/vocesparalelas.com.ar\/sitio\/wp-json\/wp\/v2\/posts\/55945\/revisions\/55948"}],"wp:featuredmedia":[{"embeddable":true,"href":"https:\/\/vocesparalelas.com.ar\/sitio\/wp-json\/wp\/v2\/media\/9160"}],"wp:attachment":[{"href":"https:\/\/vocesparalelas.com.ar\/sitio\/wp-json\/wp\/v2\/media?parent=55945"}],"wp:term":[{"taxonomy":"category","embeddable":true,"href":"https:\/\/vocesparalelas.com.ar\/sitio\/wp-json\/wp\/v2\/categories?post=55945"},{"taxonomy":"post_tag","embeddable":true,"href":"https:\/\/vocesparalelas.com.ar\/sitio\/wp-json\/wp\/v2\/tags?post=55945"}],"curies":[{"name":"wp","href":"https:\/\/api.w.org\/{rel}","templated":true}]}}