{"id":55938,"date":"2023-01-20T19:36:34","date_gmt":"2023-01-20T22:36:34","guid":{"rendered":"https:\/\/vocesparalelas.com.ar\/sitio\/?p=55938"},"modified":"2023-01-21T00:32:22","modified_gmt":"2023-01-21T03:32:22","slug":"los-integrantes-de-los-talleres-de-tango-y-folclore-de-la-unsj-bailan-en-las-plazas","status":"publish","type":"post","link":"https:\/\/vocesparalelas.com.ar\/sitio\/los-integrantes-de-los-talleres-de-tango-y-folclore-de-la-unsj-bailan-en-las-plazas\/","title":{"rendered":"Los integrantes de los Talleres de tango y folclore de la UNSJ bailan en las plazas"},"content":{"rendered":"<p>Aprovechando las nochecitas de verano, la Secretar\u00eda de Extensi\u00f3n de la UNSJ, a trav\u00e9s de la Direcci\u00f3n de Cultura, puso en marcha una extensi\u00f3n de los talleres de\u00a0 que se desarrollan durante el a\u00f1o.<\/p>\n<p>As\u00ed lo inform\u00f3 el profesor Federico Heredia, quien invit\u00f3 a p\u00fablico\u00a0de todas las edades \u00aba venir a la plaza con la reposera, mate en mano o lo que quieran, ya sea para empezar a bailar si no saben nada, o para practicar\u00a0lo que ya saben\u00bb.<\/p>\n<figure id=\"attachment_55941\" aria-describedby=\"caption-attachment-55941\" style=\"width: 800px\" class=\"wp-caption alignnone\"><img loading=\"lazy\" decoding=\"async\" class=\"size-full wp-image-55941\" src=\"https:\/\/vocesparalelas.com.ar\/sitio\/wp-content\/uploads\/2023\/01\/UNSJ-FEDERICO-HEREDIA.jpg\" alt=\"\" width=\"800\" height=\"490\" srcset=\"https:\/\/vocesparalelas.com.ar\/sitio\/wp-content\/uploads\/2023\/01\/UNSJ-FEDERICO-HEREDIA.jpg 800w, https:\/\/vocesparalelas.com.ar\/sitio\/wp-content\/uploads\/2023\/01\/UNSJ-FEDERICO-HEREDIA-300x184.jpg 300w, https:\/\/vocesparalelas.com.ar\/sitio\/wp-content\/uploads\/2023\/01\/UNSJ-FEDERICO-HEREDIA-768x470.jpg 768w\" sizes=\"auto, (max-width: 800px) 100vw, 800px\" \/><figcaption id=\"caption-attachment-55941\" class=\"wp-caption-text\">Prof. Federico Heredia<\/figcaption><\/figure>\n<p>La actividad es abierta y gratuita. \u00abLa idea es venir a disfrutar, son pr\u00e1cticas asistidas. Estamos yendo a las plazas de los distintos departamentos. Empezamos con Santa Luc\u00eda, el fin de semana iremos a J\u00e1chal y para febrero, visitaremos Valle F\u00e9rtil, Sarmiento, Rawson y Barreal. Va a ser un verano muy activo\u00bb, explic\u00f3.<\/p>\n<p>Tambi\u00e9n aclar\u00f3 que no hace falta asistir en\u00a0pareja. \u00abLas actividades comienzan con una peque\u00f1a introducci\u00f3n, es una actividad muy libre. Bailamos en tandas, con descansos intermedios. Pueden consultar en mis redes sociales, a nombre de Federico Heredia, para conocer el cronograma. Hay muchas personas que van solas y pueden bailar igual\u00bb, finaliz\u00f3.<\/p>\n","protected":false},"excerpt":{"rendered":"<p>Aprovechando las nochecitas de verano, la Secretar\u00eda de Extensi\u00f3n de la UNSJ, a trav\u00e9s de la Direcci\u00f3n de Cultura, puso<\/p>\n","protected":false},"author":3,"featured_media":4370,"comment_status":"closed","ping_status":"closed","sticky":false,"template":"","format":"standard","meta":{"_acf_changed":false,"_seopress_robots_primary_cat":"none","_seopress_titles_title":"","_seopress_titles_desc":"","_seopress_robots_index":"","colormag_page_container_layout":"default_layout","colormag_page_sidebar_layout":"default_layout","footnotes":""},"categories":[20],"tags":[],"class_list":["post-55938","post","type-post","status-publish","format-standard","has-post-thumbnail","hentry","category-cartelera"],"acf":[],"_links":{"self":[{"href":"https:\/\/vocesparalelas.com.ar\/sitio\/wp-json\/wp\/v2\/posts\/55938","targetHints":{"allow":["GET"]}}],"collection":[{"href":"https:\/\/vocesparalelas.com.ar\/sitio\/wp-json\/wp\/v2\/posts"}],"about":[{"href":"https:\/\/vocesparalelas.com.ar\/sitio\/wp-json\/wp\/v2\/types\/post"}],"author":[{"embeddable":true,"href":"https:\/\/vocesparalelas.com.ar\/sitio\/wp-json\/wp\/v2\/users\/3"}],"replies":[{"embeddable":true,"href":"https:\/\/vocesparalelas.com.ar\/sitio\/wp-json\/wp\/v2\/comments?post=55938"}],"version-history":[{"count":3,"href":"https:\/\/vocesparalelas.com.ar\/sitio\/wp-json\/wp\/v2\/posts\/55938\/revisions"}],"predecessor-version":[{"id":55944,"href":"https:\/\/vocesparalelas.com.ar\/sitio\/wp-json\/wp\/v2\/posts\/55938\/revisions\/55944"}],"wp:featuredmedia":[{"embeddable":true,"href":"https:\/\/vocesparalelas.com.ar\/sitio\/wp-json\/wp\/v2\/media\/4370"}],"wp:attachment":[{"href":"https:\/\/vocesparalelas.com.ar\/sitio\/wp-json\/wp\/v2\/media?parent=55938"}],"wp:term":[{"taxonomy":"category","embeddable":true,"href":"https:\/\/vocesparalelas.com.ar\/sitio\/wp-json\/wp\/v2\/categories?post=55938"},{"taxonomy":"post_tag","embeddable":true,"href":"https:\/\/vocesparalelas.com.ar\/sitio\/wp-json\/wp\/v2\/tags?post=55938"}],"curies":[{"name":"wp","href":"https:\/\/api.w.org\/{rel}","templated":true}]}}