{"id":55934,"date":"2023-01-23T14:30:31","date_gmt":"2023-01-23T17:30:31","guid":{"rendered":"https:\/\/vocesparalelas.com.ar\/sitio\/?p=55934"},"modified":"2023-01-27T00:53:03","modified_gmt":"2023-01-27T03:53:03","slug":"requisitos-para-el-subsidio-a-docentes-auxiliares-integradores-de-san-juan","status":"publish","type":"post","link":"https:\/\/vocesparalelas.com.ar\/sitio\/requisitos-para-el-subsidio-a-docentes-auxiliares-integradores-de-san-juan\/","title":{"rendered":"Requisitos para el subsidio a Docentes Auxiliares Integradores de San Juan"},"content":{"rendered":"<p>El Gobierno de San Juan contin\u00faa promoviendo pol\u00edticas p\u00fablicas orientadas a la inclusi\u00f3n social en al \u00e1mbito educativo, con el objetivo de garantizar igualdad de oportunidades para todos los ni\u00f1os y las ni\u00f1as de la provincia.<\/p>\n<p>En ese sentido, el Programa de Fortalecimiento a la Inclusi\u00f3n Educativa est\u00e1 destinado especialmente a las personas que tengan a su cargo personas con alguna discapacidad, con el fin de solventar de manera parcial los gastos que requiera su inclusi\u00f3n en el Sistema Educativo.<\/p>\n<p>De esta manera, el Programa brinda la ayuda econ\u00f3mica necesaria para que el solicitante (padre, tutor, familiar) del subsidio pueda cubrir los honorarios del Docente Auxiliar Integrador, considerando la situaci\u00f3n de quienes no cuentan con obra social o bien estas no efect\u00faan tal prestaci\u00f3n.<\/p>\n<p>En este marco, el Ministerio de Desarrollo Humano y Promoci\u00f3n Social, a trav\u00e9s de la Subsecretar\u00eda de Asistencia Social, informa que conforme al comienzo del ciclo lectivo 2023, se habilitar\u00e1 el tr\u00e1mite para solicitar la asistencia del subsidio a las familias que requieren de una o un Docente Auxiliar Integrador (DAI) de Apoyo a la Inclusi\u00f3n.<\/p>\n<p>Para poder iniciar la solicitud del Subsidio para el pago de Docentes Auxiliares Integradores y Acompa\u00f1ante Terap\u00e9utico en el \u00e1mbito escolar, la cartera social solicitar\u00e1 los siguientes documentos o requisitos:<\/p>\n<ol>\n<li>Nota dirigida al ministro de Desarrollo Humano y Promoci\u00f3n Social.<\/li>\n<li>Fotocopia de DNI, certificaci\u00f3n negativa de ANSES del menor beneficiario y grupo familiar.<\/li>\n<li>Recibo de sueldo de los padres y\/o tutor legal.<\/li>\n<li>Constancia Negativa de la obra social y coseguro (s\u00f3lo en caso de poseer).<\/li>\n<li>Certificado de Discapacidad obligatorio, en caso de poseer.<\/li>\n<li>Si el menor beneficiario no posee CUD, se requerir\u00e1 diagn\u00f3stico y solicitud indicado por Profesional M\u00e9dico Especialista, e informe evaluativo o evolutivo del gabinete de educaci\u00f3n solicitando la derivaci\u00f3n y acompa\u00f1amiento de una DAI.<\/li>\n<li>Certificado de Inscripci\u00f3n de la instituci\u00f3n a la cual asiste indicando el a\u00f1o y turno.<\/li>\n<li>Del Docente propuesto deber\u00e1n presentar: Curriculum, fotocopia de DNI, copia del T\u00edtulo o Anal\u00edtico de Docente (recibido) legalizado. CBU, certificado por Entidad Bancaria. Constancia de Inscripci\u00f3n en AFIP actualizada al momento de presentar la documentaci\u00f3n.<\/li>\n<li>Los estudiantes avanzados, deber\u00e1n presentar el anal\u00edtico con las materias aprobadas emitido por la instituci\u00f3n a la que asisten debidamente legalizado, y a su vez indicar que cuentan con el 80% de la carrera aprobada, presentando la misma documentaci\u00f3n mencionada en el \u00edtem anterior.<\/li>\n<li>El docente podr\u00e1 tener hasta dos casos en turnos diferentes.<\/li>\n<\/ol>\n<p>Respecto a la fecha establecida para la presentaci\u00f3n de la documentaci\u00f3n es del 22 de Febrero hasta el 28 de Abril de 2023 inclusive.<\/p>\n<p>Cabe destacar, que durante el 2023 se abona la suma de pesos $50.000 mensuales por un periodo de 10 meses de Marzo a Diciembre, pago que se realiza directamente a los docentes DAI, quienes deben presentar la siguiente documentaci\u00f3n:<\/p>\n<ul>\n<li>Factura por triplicado emitida a nombre del Padre\/Madre o Tutor del menor beneficiario del subsidio, firmada al dorso por los mismos.<\/li>\n<li>Constancia de CAE.<\/li>\n<li>Constancia de Inscripci\u00f3n en AFIP actualizada.<\/li>\n<li>Planilla de Asistencia, conformada por los padres, docente de aula y respectivos directivos con sello de la Instituci\u00f3n a la cual asiste.<\/li>\n<li>CBU legalizado por la entidad bancaria.<\/li>\n<li>La factura debe ser proporcional a d\u00edas trabajados.<\/li>\n<\/ul>\n<p>Para mayor informaci\u00f3n, comunicarse al 4306061.<\/p>\n","protected":false},"excerpt":{"rendered":"<p>El Gobierno de San Juan contin\u00faa promoviendo pol\u00edticas p\u00fablicas orientadas a la inclusi\u00f3n social en al \u00e1mbito educativo, con el<\/p>\n","protected":false},"author":3,"featured_media":30937,"comment_status":"closed","ping_status":"closed","sticky":false,"template":"","format":"standard","meta":{"_acf_changed":false,"_seopress_robots_primary_cat":"none","_seopress_titles_title":"","_seopress_titles_desc":"","_seopress_robots_index":"","colormag_page_container_layout":"default_layout","colormag_page_sidebar_layout":"default_layout","footnotes":""},"categories":[5],"tags":[],"class_list":["post-55934","post","type-post","status-publish","format-standard","has-post-thumbnail","hentry","category-ofrecimientos"],"acf":[],"_links":{"self":[{"href":"https:\/\/vocesparalelas.com.ar\/sitio\/wp-json\/wp\/v2\/posts\/55934","targetHints":{"allow":["GET"]}}],"collection":[{"href":"https:\/\/vocesparalelas.com.ar\/sitio\/wp-json\/wp\/v2\/posts"}],"about":[{"href":"https:\/\/vocesparalelas.com.ar\/sitio\/wp-json\/wp\/v2\/types\/post"}],"author":[{"embeddable":true,"href":"https:\/\/vocesparalelas.com.ar\/sitio\/wp-json\/wp\/v2\/users\/3"}],"replies":[{"embeddable":true,"href":"https:\/\/vocesparalelas.com.ar\/sitio\/wp-json\/wp\/v2\/comments?post=55934"}],"version-history":[{"count":1,"href":"https:\/\/vocesparalelas.com.ar\/sitio\/wp-json\/wp\/v2\/posts\/55934\/revisions"}],"predecessor-version":[{"id":55937,"href":"https:\/\/vocesparalelas.com.ar\/sitio\/wp-json\/wp\/v2\/posts\/55934\/revisions\/55937"}],"wp:featuredmedia":[{"embeddable":true,"href":"https:\/\/vocesparalelas.com.ar\/sitio\/wp-json\/wp\/v2\/media\/30937"}],"wp:attachment":[{"href":"https:\/\/vocesparalelas.com.ar\/sitio\/wp-json\/wp\/v2\/media?parent=55934"}],"wp:term":[{"taxonomy":"category","embeddable":true,"href":"https:\/\/vocesparalelas.com.ar\/sitio\/wp-json\/wp\/v2\/categories?post=55934"},{"taxonomy":"post_tag","embeddable":true,"href":"https:\/\/vocesparalelas.com.ar\/sitio\/wp-json\/wp\/v2\/tags?post=55934"}],"curies":[{"name":"wp","href":"https:\/\/api.w.org\/{rel}","templated":true}]}}