{"id":55930,"date":"2023-01-20T14:09:32","date_gmt":"2023-01-20T17:09:32","guid":{"rendered":"https:\/\/vocesparalelas.com.ar\/sitio\/?p=55930"},"modified":"2023-01-27T00:56:45","modified_gmt":"2023-01-27T03:56:45","slug":"solicitud-del-duplicado-o-el-certificado-digital-de-vacunacion-covid-19-en-san-juan","status":"publish","type":"post","link":"https:\/\/vocesparalelas.com.ar\/sitio\/solicitud-del-duplicado-o-el-certificado-digital-de-vacunacion-covid-19-en-san-juan\/","title":{"rendered":"Solicitud del Duplicado o el certificado digital de vacunaci\u00f3n COVID-19 en San Juan"},"content":{"rendered":"<p>El Programa Provincial de Inmunizaciones informa a la comunidad que requiera el duplicado de vacunaci\u00f3n o el certificado digital de vacunaci\u00f3n COVID-19, deben solicitarlo 48 horas antes y por correo electr\u00f3nico:\u00a0<span id=\"cloak9b4fe0a2f68215c93ce8dd9a2bd5a8bd\"><a href=\"mailto:vacunatoriocentralsj@gmail.com\">vacunatoriocentralsj@gmail.com<\/a><\/span><\/p>\n<p>En el correo electr\u00f3nico o email debe figurar la siguiente informaci\u00f3n para que pueda ser generado el pedido por el personal administrativo.<\/p>\n<ul>\n<li>Datos Personal del interesado.<\/li>\n<li>N\u00famero de DNI.<\/li>\n<li>Adjuntar una foto del carnet, si llegar\u00e1 a contar.<\/li>\n<\/ul>\n","protected":false},"excerpt":{"rendered":"<p>El Programa Provincial de Inmunizaciones informa a la comunidad que requiera el duplicado de vacunaci\u00f3n o el certificado digital de<\/p>\n","protected":false},"author":3,"featured_media":38183,"comment_status":"closed","ping_status":"closed","sticky":false,"template":"","format":"standard","meta":{"_acf_changed":false,"_seopress_robots_primary_cat":"none","_seopress_titles_title":"","_seopress_titles_desc":"","_seopress_robots_index":"","colormag_page_container_layout":"default_layout","colormag_page_sidebar_layout":"default_layout","footnotes":""},"categories":[2],"tags":[],"class_list":["post-55930","post","type-post","status-publish","format-standard","has-post-thumbnail","hentry","category-convocatorias"],"acf":[],"_links":{"self":[{"href":"https:\/\/vocesparalelas.com.ar\/sitio\/wp-json\/wp\/v2\/posts\/55930","targetHints":{"allow":["GET"]}}],"collection":[{"href":"https:\/\/vocesparalelas.com.ar\/sitio\/wp-json\/wp\/v2\/posts"}],"about":[{"href":"https:\/\/vocesparalelas.com.ar\/sitio\/wp-json\/wp\/v2\/types\/post"}],"author":[{"embeddable":true,"href":"https:\/\/vocesparalelas.com.ar\/sitio\/wp-json\/wp\/v2\/users\/3"}],"replies":[{"embeddable":true,"href":"https:\/\/vocesparalelas.com.ar\/sitio\/wp-json\/wp\/v2\/comments?post=55930"}],"version-history":[{"count":1,"href":"https:\/\/vocesparalelas.com.ar\/sitio\/wp-json\/wp\/v2\/posts\/55930\/revisions"}],"predecessor-version":[{"id":55933,"href":"https:\/\/vocesparalelas.com.ar\/sitio\/wp-json\/wp\/v2\/posts\/55930\/revisions\/55933"}],"wp:featuredmedia":[{"embeddable":true,"href":"https:\/\/vocesparalelas.com.ar\/sitio\/wp-json\/wp\/v2\/media\/38183"}],"wp:attachment":[{"href":"https:\/\/vocesparalelas.com.ar\/sitio\/wp-json\/wp\/v2\/media?parent=55930"}],"wp:term":[{"taxonomy":"category","embeddable":true,"href":"https:\/\/vocesparalelas.com.ar\/sitio\/wp-json\/wp\/v2\/categories?post=55930"},{"taxonomy":"post_tag","embeddable":true,"href":"https:\/\/vocesparalelas.com.ar\/sitio\/wp-json\/wp\/v2\/tags?post=55930"}],"curies":[{"name":"wp","href":"https:\/\/api.w.org\/{rel}","templated":true}]}}