{"id":55926,"date":"2023-01-20T14:00:23","date_gmt":"2023-01-20T17:00:23","guid":{"rendered":"https:\/\/vocesparalelas.com.ar\/sitio\/?p=55926"},"modified":"2023-01-20T14:00:23","modified_gmt":"2023-01-20T17:00:23","slug":"plan-2023-para-el-mantenimiento-de-las-escuelas-de-san-juan","status":"publish","type":"post","link":"https:\/\/vocesparalelas.com.ar\/sitio\/plan-2023-para-el-mantenimiento-de-las-escuelas-de-san-juan\/","title":{"rendered":"Plan 2023 para el mantenimiento de las Escuelas de San Juan"},"content":{"rendered":"<p>Con el objetivo de alistar los establecimientos educativos antes del regreso a clases, el Ministerio de Obras y Servicios P\u00fablicos del Gobierno de San Juan, a trav\u00e9s de la Direcci\u00f3n de Mantenimiento y Obras Menores &#8211; DMyOM -, comenz\u00f3 a trabajar en el Plan de Mantenimiento y Asistencia 2023, sobre 480 escuelas en la Provincia de San Juan.<\/p>\n<p>El plan se realiza durante el receso escolar, aprovechando la no concurrencia de los alumnos a las aulas, ya que se ejecutan trabajos que requieren ciertos cuidados para no comprometer la seguridad de las personas que asisten.<\/p>\n<p>Algunas de las tareas son:<\/p>\n<ul>\n<li><strong><span style=\"color: #339966;\">Instalaciones sanitarias<\/span>:<\/strong>\u00a0limpieza de tanques cisterna y tanques elevados, desobstrucci\u00f3n de ca\u00f1er\u00edas de cloacas, limpieza de c\u00e1maras s\u00e9pticas y desagote de pozos absorbentes.<\/li>\n<li><span style=\"color: #339966;\"><strong>Instalaciones el\u00e9ctricas:<\/strong>\u00a0<\/span>acondicionamiento de circuitos de iluminaci\u00f3n y de tableros el\u00e9ctricos, reposici\u00f3n de luminarias, mantenimiento de aires acondicionados fr\u00edo\/calor, extracci\u00f3n de ventiladores de techo y colocaci\u00f3n de ventiladores de pared.<\/li>\n<li><span style=\"color: #339966;\"><strong>Vidrio y carpinter\u00eda:<\/strong>\u00a0<\/span>reposici\u00f3n de vidrios y reemplazo de algunos de ellos por policarbonato, arreglo de ventanas y puertas, cambio de herrajes y colocaci\u00f3n de barrales antip\u00e1nico en las puertas de salida de galer\u00edas.<\/li>\n<li><span style=\"color: #339966;\"><strong>Alba\u00f1iler\u00eda:<\/strong><\/span>\u00a0reparaciones de cubiertas de techo, arreglo de suelo y ejecuci\u00f3n de rampas para accesibilidad<\/li>\n<\/ul>\n<p>Para su materializaci\u00f3n, se realiz\u00f3 una convocatoria p\u00fablica a empresas Pymes de la provincia. De esta manera, de los 480 establecimientos educativos, 250 de ellos se ejecutan a trav\u00e9s de contrataciones de empresas privadas y el resto se realizan por la administraci\u00f3n propia de la DMyOM.<\/p>\n<p>Sobre el comienzo de los trabajos, el director de la repartici\u00f3n, Marcelo Mattar expres\u00f3 que \u201cnos encontramos trabajando en el Plan de Mantenimiento Estival 2023, en este momento estamos en la etapa de revisi\u00f3n de presupuestos para comenzar a trabajar la \u00faltima semana de enero y las dos primeras de febrero\u00bb.<\/p>\n<p>El funcionario afirm\u00f3 que \u00abestamos confiados en que los tiempos nos van a dar, tenemos una planificaci\u00f3n muy estudiada\u201d. Tendr\u00e1 una inversi\u00f3n aproximada de $800.000.000 millones de pesos, entre la contrataci\u00f3n de empresas y la compra de materiales.<\/p>\n<p>Cabe destacar, que la DMyOM trabaja todo el a\u00f1o con el mantenimiento de establecimientos educativos. Se reciben reclamos de directores y tambi\u00e9n, mediante la generaci\u00f3n de expedientes, de pedidos e intervenciones m\u00e1s importantes, que se materializa en un plazo de aproximadamente 20 d\u00edas.<\/p>\n","protected":false},"excerpt":{"rendered":"<p>Con el objetivo de alistar los establecimientos educativos antes del regreso a clases, el Ministerio de Obras y Servicios P\u00fablicos<\/p>\n","protected":false},"author":3,"featured_media":33367,"comment_status":"closed","ping_status":"closed","sticky":false,"template":"","format":"standard","meta":{"_acf_changed":false,"_seopress_robots_primary_cat":"none","_seopress_titles_title":"","_seopress_titles_desc":"","_seopress_robots_index":"","colormag_page_container_layout":"default_layout","colormag_page_sidebar_layout":"default_layout","footnotes":""},"categories":[1],"tags":[],"class_list":["post-55926","post","type-post","status-publish","format-standard","has-post-thumbnail","hentry","category-destacadas"],"acf":[],"_links":{"self":[{"href":"https:\/\/vocesparalelas.com.ar\/sitio\/wp-json\/wp\/v2\/posts\/55926","targetHints":{"allow":["GET"]}}],"collection":[{"href":"https:\/\/vocesparalelas.com.ar\/sitio\/wp-json\/wp\/v2\/posts"}],"about":[{"href":"https:\/\/vocesparalelas.com.ar\/sitio\/wp-json\/wp\/v2\/types\/post"}],"author":[{"embeddable":true,"href":"https:\/\/vocesparalelas.com.ar\/sitio\/wp-json\/wp\/v2\/users\/3"}],"replies":[{"embeddable":true,"href":"https:\/\/vocesparalelas.com.ar\/sitio\/wp-json\/wp\/v2\/comments?post=55926"}],"version-history":[{"count":1,"href":"https:\/\/vocesparalelas.com.ar\/sitio\/wp-json\/wp\/v2\/posts\/55926\/revisions"}],"predecessor-version":[{"id":55929,"href":"https:\/\/vocesparalelas.com.ar\/sitio\/wp-json\/wp\/v2\/posts\/55926\/revisions\/55929"}],"wp:featuredmedia":[{"embeddable":true,"href":"https:\/\/vocesparalelas.com.ar\/sitio\/wp-json\/wp\/v2\/media\/33367"}],"wp:attachment":[{"href":"https:\/\/vocesparalelas.com.ar\/sitio\/wp-json\/wp\/v2\/media?parent=55926"}],"wp:term":[{"taxonomy":"category","embeddable":true,"href":"https:\/\/vocesparalelas.com.ar\/sitio\/wp-json\/wp\/v2\/categories?post=55926"},{"taxonomy":"post_tag","embeddable":true,"href":"https:\/\/vocesparalelas.com.ar\/sitio\/wp-json\/wp\/v2\/tags?post=55926"}],"curies":[{"name":"wp","href":"https:\/\/api.w.org\/{rel}","templated":true}]}}