{"id":55921,"date":"2023-01-20T12:45:24","date_gmt":"2023-01-20T15:45:24","guid":{"rendered":"https:\/\/vocesparalelas.com.ar\/sitio\/?p=55921"},"modified":"2023-01-24T02:00:30","modified_gmt":"2023-01-24T05:00:30","slug":"actividades-previas-en-las-escuelas-de-san-juan-al-inicio-del-ciclo-lectivo-2023","status":"publish","type":"post","link":"https:\/\/vocesparalelas.com.ar\/sitio\/actividades-previas-en-las-escuelas-de-san-juan-al-inicio-del-ciclo-lectivo-2023\/","title":{"rendered":"Actividades previas en las Escuelas de San Juan al inicio del Ciclo Lectivo 2023"},"content":{"rendered":"<p>El Ministerio de Educaci\u00f3n del Gobierno de San Juan estableci\u00f3 el Calendario Escolar Provincial para las instituciones educativas que regir\u00e1 para el Ciclo Lectivo 2023.<\/p>\n<p>La norma permitir\u00e1 la organizaci\u00f3n para el inicio de las actividades de cada una de las instituciones educativas de gesti\u00f3n estatal y privada de San Juan.<\/p>\n<p><span style=\"color: #339966;\"><strong>Mesas de ex\u00e1menes de Febrero 2023<\/strong><\/span><\/p>\n<p><span style=\"color: #339966;\"><strong>Educaci\u00f3n Primaria<\/strong><\/span><\/p>\n<p><span style=\"color: #339966;\"><strong>Ex\u00e1menes libres<\/strong><\/span><\/p>\n<ul>\n<li>Inscripci\u00f3n del 16 y 17 de Febrero<\/li>\n<li>Toma de examen el 24, 27 y 28 Febrero<\/li>\n<\/ul>\n<p>Examen de alumnos regulares cierre Ciclo Lectivo 2022: del 15 al 23 de Febrero.<\/p>\n<p><span style=\"color: #339966;\"><strong>Educaci\u00f3n Secundaria Orientada y Art\u00edstica, T\u00e9cnica y J\u00f3venes y Adultos<\/strong><\/span><\/p>\n<ul>\n<li>Materias pendientes: del 15 al 17 de febrero<\/li>\n<li>Materias regulares sin aprobar: del 22 al 28 de Febrero<\/li>\n<li>Inscripci\u00f3n de alumnos: del 22 al 28 de Febrero.<\/li>\n<li>Reubicaci\u00f3n de estudiantes que no encontraron vacantes o por cambio de domicilio<\/li>\n<\/ul>\n<p><span style=\"color: #339966;\"><strong>Educaci\u00f3n Inicial y Primaria:<\/strong>\u00a0<\/span>del 22 al 28 de Febrero<\/p>\n<p><span style=\"color: #339966;\"><strong>Educaci\u00f3n Secundaria<\/strong>:<\/span> terminados los ex\u00e1menes de materias pendientes y regulares<\/p>\n<p><span style=\"color: #339966;\"><strong>Importante<\/strong><\/span><\/p>\n<p><span style=\"color: #339966;\"><strong>Ciclo Lectivo 2023<\/strong><\/span><\/p>\n<ul>\n<li>Inicio el 01 de Marzo<\/li>\n<li>Receso invernal del 10 al 21 de Julio.<\/li>\n<li>Finalizaci\u00f3n el 22 de Diciembre 2023.<\/li>\n<\/ul>\n","protected":false},"excerpt":{"rendered":"<p>El Ministerio de Educaci\u00f3n del Gobierno de San Juan estableci\u00f3 el Calendario Escolar Provincial para las instituciones educativas que regir\u00e1<\/p>\n","protected":false},"author":3,"featured_media":7142,"comment_status":"closed","ping_status":"closed","sticky":false,"template":"","format":"standard","meta":{"_acf_changed":false,"_seopress_robots_primary_cat":"none","_seopress_titles_title":"","_seopress_titles_desc":"","_seopress_robots_index":"","colormag_page_container_layout":"default_layout","colormag_page_sidebar_layout":"default_layout","footnotes":""},"categories":[5],"tags":[],"class_list":["post-55921","post","type-post","status-publish","format-standard","has-post-thumbnail","hentry","category-ofrecimientos"],"acf":[],"_links":{"self":[{"href":"https:\/\/vocesparalelas.com.ar\/sitio\/wp-json\/wp\/v2\/posts\/55921","targetHints":{"allow":["GET"]}}],"collection":[{"href":"https:\/\/vocesparalelas.com.ar\/sitio\/wp-json\/wp\/v2\/posts"}],"about":[{"href":"https:\/\/vocesparalelas.com.ar\/sitio\/wp-json\/wp\/v2\/types\/post"}],"author":[{"embeddable":true,"href":"https:\/\/vocesparalelas.com.ar\/sitio\/wp-json\/wp\/v2\/users\/3"}],"replies":[{"embeddable":true,"href":"https:\/\/vocesparalelas.com.ar\/sitio\/wp-json\/wp\/v2\/comments?post=55921"}],"version-history":[{"count":2,"href":"https:\/\/vocesparalelas.com.ar\/sitio\/wp-json\/wp\/v2\/posts\/55921\/revisions"}],"predecessor-version":[{"id":55925,"href":"https:\/\/vocesparalelas.com.ar\/sitio\/wp-json\/wp\/v2\/posts\/55921\/revisions\/55925"}],"wp:featuredmedia":[{"embeddable":true,"href":"https:\/\/vocesparalelas.com.ar\/sitio\/wp-json\/wp\/v2\/media\/7142"}],"wp:attachment":[{"href":"https:\/\/vocesparalelas.com.ar\/sitio\/wp-json\/wp\/v2\/media?parent=55921"}],"wp:term":[{"taxonomy":"category","embeddable":true,"href":"https:\/\/vocesparalelas.com.ar\/sitio\/wp-json\/wp\/v2\/categories?post=55921"},{"taxonomy":"post_tag","embeddable":true,"href":"https:\/\/vocesparalelas.com.ar\/sitio\/wp-json\/wp\/v2\/tags?post=55921"}],"curies":[{"name":"wp","href":"https:\/\/api.w.org\/{rel}","templated":true}]}}