{"id":55908,"date":"2023-01-19T22:05:11","date_gmt":"2023-01-20T01:05:11","guid":{"rendered":"https:\/\/vocesparalelas.com.ar\/sitio\/?p=55908"},"modified":"2023-01-20T00:21:15","modified_gmt":"2023-01-20T03:21:15","slug":"recibio-a-dirigentes-de-luz-y-fuerza-de-san-juan","status":"publish","type":"post","link":"https:\/\/vocesparalelas.com.ar\/sitio\/recibio-a-dirigentes-de-luz-y-fuerza-de-san-juan\/","title":{"rendered":"Recibi\u00f3 a dirigentes de Luz y Fuerza de San Juan"},"content":{"rendered":"<p>En Casa de Gobierno, el gobernador de San Juan,\u00a0 Dr. Sergio U\u00f1ac, a la c\u00fapula del sindicato Luz y Fuerza integrada por la secretaria general, Lilia Mart\u00edn y el subsecretario general, Juan Jos\u00e9 Chica.<\/p>\n<p>Durante el encuentro, el mandatario y los dirigentes abordaron la actualidad de los trabajadores de la electricidad de la provincia y las perspectivas de la entidad gremial que cuenta con m\u00e1s de 1200 afiliados.<\/p>\n<p>En ese marco, los gremialistas interiorizaron al mandatario sobre los beneficios con los que cuentan sus afiliados en \u00e9poca estival, como complejos para vacaciones con playas, bosques para acampar, SUM, buffet e instalaciones deportivas.<\/p>\n<p>Adem\u00e1s, se refirieron al trabajo y los proyectos llevados adelante por las farmacias y el sanatorio que posee la entidad gremial.<\/p>\n","protected":false},"excerpt":{"rendered":"<p>En Casa de Gobierno, el gobernador de San Juan,\u00a0 Dr. Sergio U\u00f1ac, a la c\u00fapula del sindicato Luz y Fuerza<\/p>\n","protected":false},"author":3,"featured_media":55911,"comment_status":"closed","ping_status":"closed","sticky":false,"template":"","format":"standard","meta":{"_acf_changed":false,"_seopress_robots_primary_cat":"none","_seopress_titles_title":"","_seopress_titles_desc":"","_seopress_robots_index":"","colormag_page_container_layout":"default_layout","colormag_page_sidebar_layout":"default_layout","footnotes":""},"categories":[1],"tags":[],"class_list":["post-55908","post","type-post","status-publish","format-standard","has-post-thumbnail","hentry","category-destacadas"],"acf":[],"_links":{"self":[{"href":"https:\/\/vocesparalelas.com.ar\/sitio\/wp-json\/wp\/v2\/posts\/55908","targetHints":{"allow":["GET"]}}],"collection":[{"href":"https:\/\/vocesparalelas.com.ar\/sitio\/wp-json\/wp\/v2\/posts"}],"about":[{"href":"https:\/\/vocesparalelas.com.ar\/sitio\/wp-json\/wp\/v2\/types\/post"}],"author":[{"embeddable":true,"href":"https:\/\/vocesparalelas.com.ar\/sitio\/wp-json\/wp\/v2\/users\/3"}],"replies":[{"embeddable":true,"href":"https:\/\/vocesparalelas.com.ar\/sitio\/wp-json\/wp\/v2\/comments?post=55908"}],"version-history":[{"count":1,"href":"https:\/\/vocesparalelas.com.ar\/sitio\/wp-json\/wp\/v2\/posts\/55908\/revisions"}],"predecessor-version":[{"id":55912,"href":"https:\/\/vocesparalelas.com.ar\/sitio\/wp-json\/wp\/v2\/posts\/55908\/revisions\/55912"}],"wp:featuredmedia":[{"embeddable":true,"href":"https:\/\/vocesparalelas.com.ar\/sitio\/wp-json\/wp\/v2\/media\/55911"}],"wp:attachment":[{"href":"https:\/\/vocesparalelas.com.ar\/sitio\/wp-json\/wp\/v2\/media?parent=55908"}],"wp:term":[{"taxonomy":"category","embeddable":true,"href":"https:\/\/vocesparalelas.com.ar\/sitio\/wp-json\/wp\/v2\/categories?post=55908"},{"taxonomy":"post_tag","embeddable":true,"href":"https:\/\/vocesparalelas.com.ar\/sitio\/wp-json\/wp\/v2\/tags?post=55908"}],"curies":[{"name":"wp","href":"https:\/\/api.w.org\/{rel}","templated":true}]}}