{"id":55894,"date":"2023-01-19T21:24:22","date_gmt":"2023-01-20T00:24:22","guid":{"rendered":"https:\/\/vocesparalelas.com.ar\/sitio\/?p=55894"},"modified":"2023-01-21T00:33:52","modified_gmt":"2023-01-21T03:33:52","slug":"medidores-de-osse-para-el-control-del-consumo-del-agua-potable-y-la-tarifa-en-san-juan","status":"publish","type":"post","link":"https:\/\/vocesparalelas.com.ar\/sitio\/medidores-de-osse-para-el-control-del-consumo-del-agua-potable-y-la-tarifa-en-san-juan\/","title":{"rendered":"Medidores de OSSE para el control del consumo del agua potable y la tarifa en San Juan"},"content":{"rendered":"<p>Obras Sanitarias San Juan comenz\u00f3 con la instalaci\u00f3n de los primeros medidores en el eje de Capital, siendo el Barrio Residencial el puntapi\u00e9 inicial. Luego se avanzar\u00e1 con la colocaci\u00f3n de los equipos en zonas de los Departamentos de Rivadavia, Santa Luc\u00eda, Rawson y Chimbas, donde se verifican los mayores consumos.<\/p>\n<p><img loading=\"lazy\" decoding=\"async\" class=\"alignnone size-full wp-image-55899\" src=\"https:\/\/vocesparalelas.com.ar\/sitio\/wp-content\/uploads\/2023\/01\/OSSE-MEDIDOR-02.jpg\" alt=\"\" width=\"800\" height=\"533\" srcset=\"https:\/\/vocesparalelas.com.ar\/sitio\/wp-content\/uploads\/2023\/01\/OSSE-MEDIDOR-02.jpg 800w, https:\/\/vocesparalelas.com.ar\/sitio\/wp-content\/uploads\/2023\/01\/OSSE-MEDIDOR-02-300x200.jpg 300w, https:\/\/vocesparalelas.com.ar\/sitio\/wp-content\/uploads\/2023\/01\/OSSE-MEDIDOR-02-768x512.jpg 768w\" sizes=\"auto, (max-width: 800px) 100vw, 800px\" \/><\/p>\n<p>Por ello, Voces Paralelas desarroll\u00f3 una entrevista period\u00edstica al Presidente de OSSE, CPN Guillermo Sirerol, quien explic\u00f3 sobre los medidores de agua que se est\u00e1n colocando en cada casa de San Juan y otros temas sobre trabajos que se vienen realizando para mejorar el servicio de agua potable para los Usuarios de San Juan.<\/p>\n<p>&nbsp;<\/p>\n<p><iframe loading=\"lazy\" title=\"OSSE CPN GUILLERMO SIREROL\" width=\"800\" height=\"450\" src=\"https:\/\/www.youtube.com\/embed\/1ExtDw7W3aM?start=110&#038;feature=oembed\" frameborder=\"0\" allow=\"accelerometer; autoplay; clipboard-write; encrypted-media; gyroscope; picture-in-picture; web-share\" allowfullscreen><\/iframe><\/p>\n<p>&nbsp;<\/p>\n<p><span style=\"color: #0000ff;\"><strong>Importante<\/strong><\/span><\/p>\n<p><img loading=\"lazy\" decoding=\"async\" class=\"alignnone size-full wp-image-55898\" src=\"https:\/\/vocesparalelas.com.ar\/sitio\/wp-content\/uploads\/2023\/01\/OSSE-MEDIDOR-01.jpg\" alt=\"\" width=\"800\" height=\"533\" srcset=\"https:\/\/vocesparalelas.com.ar\/sitio\/wp-content\/uploads\/2023\/01\/OSSE-MEDIDOR-01.jpg 800w, https:\/\/vocesparalelas.com.ar\/sitio\/wp-content\/uploads\/2023\/01\/OSSE-MEDIDOR-01-300x200.jpg 300w, https:\/\/vocesparalelas.com.ar\/sitio\/wp-content\/uploads\/2023\/01\/OSSE-MEDIDOR-01-768x512.jpg 768w\" sizes=\"auto, (max-width: 800px) 100vw, 800px\" \/><\/p>\n<p>La instalaci\u00f3n de medidores genera para el usuario grandes beneficios:<\/p>\n<p>Se pagar\u00e1 una tarifa equitativa basada en el consumo<\/p>\n<ul>\n<li>Durante los primeros seis meses se continuar\u00e1 pagando con el mismo sistema de tarifa \u00fanica, reci\u00e9n a partir del s\u00e9ptimo mes se abonar\u00e1 en relaci\u00f3n al consumo basado en la lectura del medidor. En todo este proceso se acompa\u00f1ar\u00e1 al usuario d\u00e1ndole a conocer el consumo que tuvo e informando sobre algunos consejos para el consumo responsable de agua potable, dentro y fuera de su hogar.<\/li>\n<li>No tiene costo de instalaci\u00f3n<\/li>\n<li>Posibilita detectar posibles p\u00e9rdidas o fugas de agua<\/li>\n<li>Permite conocer su consumo real e implementar acciones de cuidado del agua potable.<\/li>\n<\/ul>\n<p>El objetivo de la instalaci\u00f3n de los equipos es lograr una disminuci\u00f3n del consumo, generando en la comunidad una cultura de uso responsable del agua potable, especialmente considerando que la provincia se encuentra atravesando la peor crisis h\u00eddrica de los \u00faltimos 100 a\u00f1os.<\/p>\n<p>&nbsp;<\/p>\n<p><img loading=\"lazy\" decoding=\"async\" class=\"alignnone size-full wp-image-55899\" src=\"https:\/\/vocesparalelas.com.ar\/sitio\/wp-content\/uploads\/2023\/01\/OSSE-MEDIDOR-02.jpg\" alt=\"\" width=\"800\" height=\"533\" srcset=\"https:\/\/vocesparalelas.com.ar\/sitio\/wp-content\/uploads\/2023\/01\/OSSE-MEDIDOR-02.jpg 800w, https:\/\/vocesparalelas.com.ar\/sitio\/wp-content\/uploads\/2023\/01\/OSSE-MEDIDOR-02-300x200.jpg 300w, https:\/\/vocesparalelas.com.ar\/sitio\/wp-content\/uploads\/2023\/01\/OSSE-MEDIDOR-02-768x512.jpg 768w\" sizes=\"auto, (max-width: 800px) 100vw, 800px\" \/><\/p>\n<p>&nbsp;<\/p>\n<p><img loading=\"lazy\" decoding=\"async\" class=\"alignnone size-large wp-image-5068\" src=\"https:\/\/vocesparalelas.com.ar\/sitio\/wp-content\/uploads\/2017\/09\/OSSE-08-800x450.jpg\" alt=\"\" width=\"800\" height=\"450\" srcset=\"https:\/\/vocesparalelas.com.ar\/sitio\/wp-content\/uploads\/2017\/09\/OSSE-08-800x450.jpg 800w, https:\/\/vocesparalelas.com.ar\/sitio\/wp-content\/uploads\/2017\/09\/OSSE-08-300x169.jpg 300w, https:\/\/vocesparalelas.com.ar\/sitio\/wp-content\/uploads\/2017\/09\/OSSE-08-768x432.jpg 768w, https:\/\/vocesparalelas.com.ar\/sitio\/wp-content\/uploads\/2017\/09\/OSSE-08.jpg 1024w\" sizes=\"auto, (max-width: 800px) 100vw, 800px\" \/><\/p>\n","protected":false},"excerpt":{"rendered":"<p>Obras Sanitarias San Juan comenz\u00f3 con la instalaci\u00f3n de los primeros medidores en el eje de Capital, siendo el Barrio<\/p>\n","protected":false},"author":3,"featured_media":55897,"comment_status":"closed","ping_status":"closed","sticky":false,"template":"","format":"video","meta":{"_acf_changed":false,"_seopress_robots_primary_cat":"none","_seopress_titles_title":"","_seopress_titles_desc":"","_seopress_robots_index":"","colormag_page_container_layout":"default_layout","colormag_page_sidebar_layout":"default_layout","footnotes":""},"categories":[10,7],"tags":[],"class_list":["post-55894","post","type-post","status-publish","format-video","has-post-thumbnail","hentry","category-opiniones","category-videos","post_format-post-format-video"],"acf":[],"_links":{"self":[{"href":"https:\/\/vocesparalelas.com.ar\/sitio\/wp-json\/wp\/v2\/posts\/55894","targetHints":{"allow":["GET"]}}],"collection":[{"href":"https:\/\/vocesparalelas.com.ar\/sitio\/wp-json\/wp\/v2\/posts"}],"about":[{"href":"https:\/\/vocesparalelas.com.ar\/sitio\/wp-json\/wp\/v2\/types\/post"}],"author":[{"embeddable":true,"href":"https:\/\/vocesparalelas.com.ar\/sitio\/wp-json\/wp\/v2\/users\/3"}],"replies":[{"embeddable":true,"href":"https:\/\/vocesparalelas.com.ar\/sitio\/wp-json\/wp\/v2\/comments?post=55894"}],"version-history":[{"count":3,"href":"https:\/\/vocesparalelas.com.ar\/sitio\/wp-json\/wp\/v2\/posts\/55894\/revisions"}],"predecessor-version":[{"id":55903,"href":"https:\/\/vocesparalelas.com.ar\/sitio\/wp-json\/wp\/v2\/posts\/55894\/revisions\/55903"}],"wp:featuredmedia":[{"embeddable":true,"href":"https:\/\/vocesparalelas.com.ar\/sitio\/wp-json\/wp\/v2\/media\/55897"}],"wp:attachment":[{"href":"https:\/\/vocesparalelas.com.ar\/sitio\/wp-json\/wp\/v2\/media?parent=55894"}],"wp:term":[{"taxonomy":"category","embeddable":true,"href":"https:\/\/vocesparalelas.com.ar\/sitio\/wp-json\/wp\/v2\/categories?post=55894"},{"taxonomy":"post_tag","embeddable":true,"href":"https:\/\/vocesparalelas.com.ar\/sitio\/wp-json\/wp\/v2\/tags?post=55894"}],"curies":[{"name":"wp","href":"https:\/\/api.w.org\/{rel}","templated":true}]}}