{"id":55889,"date":"2023-01-19T13:49:40","date_gmt":"2023-01-19T16:49:40","guid":{"rendered":"https:\/\/vocesparalelas.com.ar\/sitio\/?p=55889"},"modified":"2023-01-19T13:49:40","modified_gmt":"2023-01-19T16:49:40","slug":"la-ministra-de-desarrollo-social-de-la-nacion-cpn-victoria-tolosa-paz-en-san-juan","status":"publish","type":"post","link":"https:\/\/vocesparalelas.com.ar\/sitio\/la-ministra-de-desarrollo-social-de-la-nacion-cpn-victoria-tolosa-paz-en-san-juan\/","title":{"rendered":"La ministra de Desarrollo Social de la Naci\u00f3n, CPN Victoria Tolosa Paz en San Juan"},"content":{"rendered":"<p>Durante la jornada de este jueves, el gobernador Sergio U\u00f1ac encabezar\u00e1 un nutrido plan de trabajo con la ministra de Desarrollo Social de la Naci\u00f3n, CPN Victoria Tolosa Paz y el equipo de colaboradores que acompa\u00f1a a ambas autoridades.<\/p>\n<p>El comienzo de la actividad fue con el saludo protocolar de las autoridades al primer mandatario local.<\/p>\n<p>Posteriormente se trasladar\u00e1n hacia Av. Jos\u00e9 Ignacio de la Roza entre Espa\u00f1a y Las Heras, Capital, para conocer el Cami\u00f3n Oftalmol\u00f3gico y entregar anteojos.<\/p>\n<p>Finalmente, se prev\u00e9 que el gobernador, la ministra y el resto de la comitiva asistan a la Colonia de Verano 2023 \u201cDisfrutamos Sanamente\u201d, en el Camping Municipal de Angaco.<\/p>\n","protected":false},"excerpt":{"rendered":"<p>Durante la jornada de este jueves, el gobernador Sergio U\u00f1ac encabezar\u00e1 un nutrido plan de trabajo con la ministra de<\/p>\n","protected":false},"author":3,"featured_media":55892,"comment_status":"closed","ping_status":"closed","sticky":false,"template":"","format":"standard","meta":{"_acf_changed":false,"_seopress_robots_primary_cat":"none","_seopress_titles_title":"","_seopress_titles_desc":"","_seopress_robots_index":"","colormag_page_container_layout":"default_layout","colormag_page_sidebar_layout":"default_layout","footnotes":""},"categories":[1],"tags":[],"class_list":["post-55889","post","type-post","status-publish","format-standard","has-post-thumbnail","hentry","category-destacadas"],"acf":[],"_links":{"self":[{"href":"https:\/\/vocesparalelas.com.ar\/sitio\/wp-json\/wp\/v2\/posts\/55889","targetHints":{"allow":["GET"]}}],"collection":[{"href":"https:\/\/vocesparalelas.com.ar\/sitio\/wp-json\/wp\/v2\/posts"}],"about":[{"href":"https:\/\/vocesparalelas.com.ar\/sitio\/wp-json\/wp\/v2\/types\/post"}],"author":[{"embeddable":true,"href":"https:\/\/vocesparalelas.com.ar\/sitio\/wp-json\/wp\/v2\/users\/3"}],"replies":[{"embeddable":true,"href":"https:\/\/vocesparalelas.com.ar\/sitio\/wp-json\/wp\/v2\/comments?post=55889"}],"version-history":[{"count":1,"href":"https:\/\/vocesparalelas.com.ar\/sitio\/wp-json\/wp\/v2\/posts\/55889\/revisions"}],"predecessor-version":[{"id":55893,"href":"https:\/\/vocesparalelas.com.ar\/sitio\/wp-json\/wp\/v2\/posts\/55889\/revisions\/55893"}],"wp:featuredmedia":[{"embeddable":true,"href":"https:\/\/vocesparalelas.com.ar\/sitio\/wp-json\/wp\/v2\/media\/55892"}],"wp:attachment":[{"href":"https:\/\/vocesparalelas.com.ar\/sitio\/wp-json\/wp\/v2\/media?parent=55889"}],"wp:term":[{"taxonomy":"category","embeddable":true,"href":"https:\/\/vocesparalelas.com.ar\/sitio\/wp-json\/wp\/v2\/categories?post=55889"},{"taxonomy":"post_tag","embeddable":true,"href":"https:\/\/vocesparalelas.com.ar\/sitio\/wp-json\/wp\/v2\/tags?post=55889"}],"curies":[{"name":"wp","href":"https:\/\/api.w.org\/{rel}","templated":true}]}}