{"id":55875,"date":"2023-01-18T21:48:37","date_gmt":"2023-01-19T00:48:37","guid":{"rendered":"https:\/\/vocesparalelas.com.ar\/sitio\/?p=55875"},"modified":"2023-01-24T02:04:06","modified_gmt":"2023-01-24T05:04:06","slug":"conectados-en-el-carrusel-2023-de-la-fns-en-san-juan","status":"publish","type":"post","link":"https:\/\/vocesparalelas.com.ar\/sitio\/conectados-en-el-carrusel-2023-de-la-fns-en-san-juan\/","title":{"rendered":"Conectados en el Carrusel 2023 de la FNS en San Juan"},"content":{"rendered":"<p>Los municipios y las colectividades, en conjunto con el Ministerio de Turismo y Cultura, ya est\u00e1n trabajando en el Carrusel de la Fiesta Nacional del Sol 2023, el cual se realizar\u00e1 el viernes 24 de febrero.<\/p>\n<p>En este marco, el equipo art\u00edstico de Carrusel ofreci\u00f3 una capacitaci\u00f3n a los responsables de los carruajes, a la que asisti\u00f3 el Secretario de Turismo, Roberto Ju\u00e1rez.<\/p>\n<p>En esta edici\u00f3n ser\u00e1n 21 carruajes: 19 de los departamentos, 1 de Gobierno de San Juan y 1 de la Comunidad Valenciana. Por su parte, la Comunidad Boliviana participar\u00e1 con banda musical.<\/p>\n<p>Adem\u00e1s, cada carruaje deber\u00e1 responder a la\u00a0tem\u00e1tica de la FNS 2023: Conectados, mostrando qu\u00e9 conecta consigo mismo a cada departamento y colectividad.<\/p>\n<p>Para sumar al proceso creativo, los representantes de los departamentos y las comunidades presentaron sus propuestas al equipo art\u00edstico de Carrusel y recibieron asesoramiento para plasmar sus ideas de la mejor manera.<\/p>\n<p>Otro detalle es que los carruajes estar\u00e1n acompa\u00f1ados por 20 nexos, conformados por bailarines, que unir\u00e1n un municipio con otro y le pondr\u00e1n m\u00e1s color al espect\u00e1culo. Estos grupos representar\u00e1n elementos que nos conectan como provincia (por ejemplo, la gastronom\u00eda).<\/p>\n<p>En cuanto a los nexos, hay 700 bailarines contratados y en cada carruaje puede haber hasta 50 artistas, lo que representa una gran fuente laboral para la provincia.<\/p>\n<p>El Secretario de Turismo, Dr. Roberto Ju\u00e1rez, manifest\u00f3 mucha ilusi\u00f3n en la previa que \u00abes fundamental que sigamos trabajando para que sea un gran Carrusel. Va a ser una Fiesta del Sol Hermosa, hay mucha expectativa incluso de gente de afuera queriendo venir\u00bb.<\/p>\n<p>Por \u00faltimo, el funcionario agradeci\u00f3 a cada uno de los trabajadores por \u00abponer todo para que el Carrusel brille y nos llene de orgullo cuando cada sanjuanino y turista que asista pueda disfrutar de un espect\u00e1culo hermoso\u00bb.<\/p>\n","protected":false},"excerpt":{"rendered":"<p>Los municipios y las colectividades, en conjunto con el Ministerio de Turismo y Cultura, ya est\u00e1n trabajando en el Carrusel<\/p>\n","protected":false},"author":3,"featured_media":10229,"comment_status":"closed","ping_status":"closed","sticky":false,"template":"","format":"standard","meta":{"_acf_changed":false,"_seopress_robots_primary_cat":"none","_seopress_titles_title":"","_seopress_titles_desc":"","_seopress_robots_index":"","colormag_page_container_layout":"default_layout","colormag_page_sidebar_layout":"default_layout","footnotes":""},"categories":[2],"tags":[],"class_list":["post-55875","post","type-post","status-publish","format-standard","has-post-thumbnail","hentry","category-convocatorias"],"acf":[],"_links":{"self":[{"href":"https:\/\/vocesparalelas.com.ar\/sitio\/wp-json\/wp\/v2\/posts\/55875","targetHints":{"allow":["GET"]}}],"collection":[{"href":"https:\/\/vocesparalelas.com.ar\/sitio\/wp-json\/wp\/v2\/posts"}],"about":[{"href":"https:\/\/vocesparalelas.com.ar\/sitio\/wp-json\/wp\/v2\/types\/post"}],"author":[{"embeddable":true,"href":"https:\/\/vocesparalelas.com.ar\/sitio\/wp-json\/wp\/v2\/users\/3"}],"replies":[{"embeddable":true,"href":"https:\/\/vocesparalelas.com.ar\/sitio\/wp-json\/wp\/v2\/comments?post=55875"}],"version-history":[{"count":1,"href":"https:\/\/vocesparalelas.com.ar\/sitio\/wp-json\/wp\/v2\/posts\/55875\/revisions"}],"predecessor-version":[{"id":55878,"href":"https:\/\/vocesparalelas.com.ar\/sitio\/wp-json\/wp\/v2\/posts\/55875\/revisions\/55878"}],"wp:featuredmedia":[{"embeddable":true,"href":"https:\/\/vocesparalelas.com.ar\/sitio\/wp-json\/wp\/v2\/media\/10229"}],"wp:attachment":[{"href":"https:\/\/vocesparalelas.com.ar\/sitio\/wp-json\/wp\/v2\/media?parent=55875"}],"wp:term":[{"taxonomy":"category","embeddable":true,"href":"https:\/\/vocesparalelas.com.ar\/sitio\/wp-json\/wp\/v2\/categories?post=55875"},{"taxonomy":"post_tag","embeddable":true,"href":"https:\/\/vocesparalelas.com.ar\/sitio\/wp-json\/wp\/v2\/tags?post=55875"}],"curies":[{"name":"wp","href":"https:\/\/api.w.org\/{rel}","templated":true}]}}