{"id":55860,"date":"2023-01-18T22:30:54","date_gmt":"2023-01-19T01:30:54","guid":{"rendered":"https:\/\/vocesparalelas.com.ar\/sitio\/?p=55860"},"modified":"2023-01-27T00:57:34","modified_gmt":"2023-01-27T03:57:34","slug":"paga-la-boleta-anual-o-semestral-del-impuesto-inmobiliario-en-forma-online-en-san-juan","status":"publish","type":"post","link":"https:\/\/vocesparalelas.com.ar\/sitio\/paga-la-boleta-anual-o-semestral-del-impuesto-inmobiliario-en-forma-online-en-san-juan\/","title":{"rendered":"Paga la boleta anual o semestral del impuesto inmobiliario en forma online en San Juan"},"content":{"rendered":"<p>Desde la Direcci\u00f3n General de Rentas &#8211; DGR &#8211;\u00a0 informa que ya est\u00e1n disponibles las boletas anual o semestral del impuesto inmobiliario para poder abonarlas a trav\u00e9s de la p\u00e1gina web del Gobierno de San Juan.<\/p>\n<p>Lo primero que debe hacer es ingresar a\u00a0<a href=\"https:\/\/www.sanjuan.gob.ar\/\">https:\/\/www.sanjuan.gob.ar\/<\/a>\u00a0y hacer clic en el cuadrante de la Direcci\u00f3n General de Rentas. De esa manera, ingresar\u00e1 al portal de la DGR.<\/p>\n<p><img loading=\"lazy\" decoding=\"async\" class=\"alignnone size-full wp-image-55864\" src=\"https:\/\/vocesparalelas.com.ar\/sitio\/wp-content\/uploads\/2023\/01\/RENTA-01.jpg\" alt=\"\" width=\"800\" height=\"452\" srcset=\"https:\/\/vocesparalelas.com.ar\/sitio\/wp-content\/uploads\/2023\/01\/RENTA-01.jpg 800w, https:\/\/vocesparalelas.com.ar\/sitio\/wp-content\/uploads\/2023\/01\/RENTA-01-300x170.jpg 300w, https:\/\/vocesparalelas.com.ar\/sitio\/wp-content\/uploads\/2023\/01\/RENTA-01-768x434.jpg 768w\" sizes=\"auto, (max-width: 800px) 100vw, 800px\" \/><\/p>\n<p>Una vez en su interior, dirigirse a la opci\u00f3n \u201cVer Deuda y Pagar\u201d, a la que se podr\u00e1 acceder sin la necesidad de loguearse.<\/p>\n<p><img loading=\"lazy\" decoding=\"async\" class=\"alignnone size-full wp-image-55865\" src=\"https:\/\/vocesparalelas.com.ar\/sitio\/wp-content\/uploads\/2023\/01\/RENTA-03.jpg\" alt=\"\" width=\"800\" height=\"201\" srcset=\"https:\/\/vocesparalelas.com.ar\/sitio\/wp-content\/uploads\/2023\/01\/RENTA-03.jpg 800w, https:\/\/vocesparalelas.com.ar\/sitio\/wp-content\/uploads\/2023\/01\/RENTA-03-300x75.jpg 300w, https:\/\/vocesparalelas.com.ar\/sitio\/wp-content\/uploads\/2023\/01\/RENTA-03-768x193.jpg 768w\" sizes=\"auto, (max-width: 800px) 100vw, 800px\" \/><\/p>\n<p>Luego de ello, colocar el n\u00famero de nomenclatura catastral y hacer clic en \u201cBuscar\u201d.<\/p>\n<p><img loading=\"lazy\" decoding=\"async\" class=\"alignnone size-full wp-image-55866\" src=\"https:\/\/vocesparalelas.com.ar\/sitio\/wp-content\/uploads\/2023\/01\/RENTA-02.jpg\" alt=\"\" width=\"800\" height=\"396\" srcset=\"https:\/\/vocesparalelas.com.ar\/sitio\/wp-content\/uploads\/2023\/01\/RENTA-02.jpg 800w, https:\/\/vocesparalelas.com.ar\/sitio\/wp-content\/uploads\/2023\/01\/RENTA-02-300x149.jpg 300w, https:\/\/vocesparalelas.com.ar\/sitio\/wp-content\/uploads\/2023\/01\/RENTA-02-768x380.jpg 768w\" sizes=\"auto, (max-width: 800px) 100vw, 800px\" \/><\/p>\n<p>Aparecer\u00e1n distintas opciones y deber\u00e1 elegir la deseada: \u201cPago Anual 2023\u201d o \u201cPago Semestral 01\u00ba Cuota 2023\u201d. Al seleccionar la opci\u00f3n \u201cPagar\u201d, puede abonar por los diferentes medios habilitados v\u00eda web. Haci\u00e9ndolo por este medio, obtendr\u00e1 el 10% adicional de descuento.<\/p>\n<p>Por ejemplo, si selecciona PlusPagos puede utilizar diferentes tarjetas de cr\u00e9dito y\/o d\u00e9bito. Luego de elegir la forma de pago, deber\u00e1 completar los datos solicitados, \u201caceptar t\u00e9rminos y condiciones\u201d y \u201cPagar\u201d.<\/p>\n<p><img loading=\"lazy\" decoding=\"async\" class=\"alignnone size-full wp-image-55867\" src=\"https:\/\/vocesparalelas.com.ar\/sitio\/wp-content\/uploads\/2023\/01\/RENTA-04.jpg\" alt=\"\" width=\"800\" height=\"375\" srcset=\"https:\/\/vocesparalelas.com.ar\/sitio\/wp-content\/uploads\/2023\/01\/RENTA-04.jpg 800w, https:\/\/vocesparalelas.com.ar\/sitio\/wp-content\/uploads\/2023\/01\/RENTA-04-300x141.jpg 300w, https:\/\/vocesparalelas.com.ar\/sitio\/wp-content\/uploads\/2023\/01\/RENTA-04-768x360.jpg 768w\" sizes=\"auto, (max-width: 800px) 100vw, 800px\" \/><\/p>\n<p>Por \u00faltimo, si desea Imprimir la boleta y pagarla en Banco San Juan o San Juan Servicios, deber\u00e1 hacer clic en el dibujo de la impresora de color verde.<\/p>\n<p><img loading=\"lazy\" decoding=\"async\" class=\"alignnone size-full wp-image-55868\" src=\"https:\/\/vocesparalelas.com.ar\/sitio\/wp-content\/uploads\/2023\/01\/RENTA-05.jpg\" alt=\"\" width=\"800\" height=\"379\" srcset=\"https:\/\/vocesparalelas.com.ar\/sitio\/wp-content\/uploads\/2023\/01\/RENTA-05.jpg 800w, https:\/\/vocesparalelas.com.ar\/sitio\/wp-content\/uploads\/2023\/01\/RENTA-05-300x142.jpg 300w, https:\/\/vocesparalelas.com.ar\/sitio\/wp-content\/uploads\/2023\/01\/RENTA-05-768x364.jpg 768w\" sizes=\"auto, (max-width: 800px) 100vw, 800px\" \/><\/p>\n<p>Asimismo, informa a los contribuyentes que el vencimiento del impuesto inmobiliario 2023 ser\u00e1 de la siguiente manera: 15 de febrero para el pago semestral y 16 de febrero para el anual.<\/p>\n<p>&nbsp;<\/p>\n","protected":false},"excerpt":{"rendered":"<p>Desde la Direcci\u00f3n General de Rentas &#8211; DGR &#8211;\u00a0 informa que ya est\u00e1n disponibles las boletas anual o semestral del<\/p>\n","protected":false},"author":3,"featured_media":35071,"comment_status":"closed","ping_status":"closed","sticky":false,"template":"","format":"standard","meta":{"_acf_changed":false,"_seopress_robots_primary_cat":"none","_seopress_titles_title":"","_seopress_titles_desc":"","_seopress_robots_index":"","colormag_page_container_layout":"default_layout","colormag_page_sidebar_layout":"default_layout","footnotes":""},"categories":[2],"tags":[],"class_list":["post-55860","post","type-post","status-publish","format-standard","has-post-thumbnail","hentry","category-convocatorias"],"acf":[],"_links":{"self":[{"href":"https:\/\/vocesparalelas.com.ar\/sitio\/wp-json\/wp\/v2\/posts\/55860","targetHints":{"allow":["GET"]}}],"collection":[{"href":"https:\/\/vocesparalelas.com.ar\/sitio\/wp-json\/wp\/v2\/posts"}],"about":[{"href":"https:\/\/vocesparalelas.com.ar\/sitio\/wp-json\/wp\/v2\/types\/post"}],"author":[{"embeddable":true,"href":"https:\/\/vocesparalelas.com.ar\/sitio\/wp-json\/wp\/v2\/users\/3"}],"replies":[{"embeddable":true,"href":"https:\/\/vocesparalelas.com.ar\/sitio\/wp-json\/wp\/v2\/comments?post=55860"}],"version-history":[{"count":1,"href":"https:\/\/vocesparalelas.com.ar\/sitio\/wp-json\/wp\/v2\/posts\/55860\/revisions"}],"predecessor-version":[{"id":55869,"href":"https:\/\/vocesparalelas.com.ar\/sitio\/wp-json\/wp\/v2\/posts\/55860\/revisions\/55869"}],"wp:featuredmedia":[{"embeddable":true,"href":"https:\/\/vocesparalelas.com.ar\/sitio\/wp-json\/wp\/v2\/media\/35071"}],"wp:attachment":[{"href":"https:\/\/vocesparalelas.com.ar\/sitio\/wp-json\/wp\/v2\/media?parent=55860"}],"wp:term":[{"taxonomy":"category","embeddable":true,"href":"https:\/\/vocesparalelas.com.ar\/sitio\/wp-json\/wp\/v2\/categories?post=55860"},{"taxonomy":"post_tag","embeddable":true,"href":"https:\/\/vocesparalelas.com.ar\/sitio\/wp-json\/wp\/v2\/tags?post=55860"}],"curies":[{"name":"wp","href":"https:\/\/api.w.org\/{rel}","templated":true}]}}