{"id":55855,"date":"2023-01-18T21:57:20","date_gmt":"2023-01-19T00:57:20","guid":{"rendered":"https:\/\/vocesparalelas.com.ar\/sitio\/?p=55855"},"modified":"2023-01-24T02:03:31","modified_gmt":"2023-01-24T05:03:31","slug":"verano-cultural-2023-en-san-juan","status":"publish","type":"post","link":"https:\/\/vocesparalelas.com.ar\/sitio\/verano-cultural-2023-en-san-juan\/","title":{"rendered":"Verano Cultural 2023 en San Juan"},"content":{"rendered":"<p>Verano Cultural, programa del Gobierno de San Juan que se realiza a trav\u00e9s del Ministerio de Turismo y Cultura, lanza su edici\u00f3n 2023 con diversas actividades culturales que se llevar\u00e1n a cabo durante la temporada estival en la provincia.<\/p>\n<p>Este evento, tiene como objetivo ofrecer entretenimiento y recreaci\u00f3n, en distintos espacios al aire libre y p\u00fablicos, para toda la familia, adem\u00e1s de ser un generador de trabajo genuino para el sector.<\/p>\n<p>En esta edici\u00f3n, como en las anteriores, estar\u00e1 la propuesta \u201cVen\u00ed a bailar\u201d a las pistas abiertas en espacios p\u00fablicos donde bailarines y p\u00fablico en general compartir\u00e1n diferentes g\u00e9neros como tango, folklore, salsa, flamenco, hip hop, jam de danza contempor\u00e1nea y mucho m\u00e1s.<\/p>\n<p>Las actividades circenses desplegar\u00e1n el color y la fantas\u00eda, con la magia de los titiriteros de la provincia, en un espect\u00e1culo apto para toda la familia. Adem\u00e1s, los artistas itinerantes recorrer\u00e1n los espacios sorprendiendo con fantas\u00eda y acrobacias, acompa\u00f1ando las tardes de verano.<\/p>\n<p>El cielo de San Juan permite la proyecci\u00f3n de cine al aire libre donde se compartir\u00e1 con la comunidad local pel\u00edculas, cortos y videoclips con nuestros paisajes por medio del ciclo \u00abBajo la noche de San Juan: cine al aire libre\u00bb.<\/p>\n<p>Las Infancias, tienen un lugar especial en este programa a trav\u00e9s de diferentes bandas de la escena local que llevar\u00e1n a cabo espect\u00e1culos dedicados a los m\u00e1s peque\u00f1os por medio de una experiencia sensorial.<\/p>\n<p>Otra buena opci\u00f3n, es la Feria Vintage, para que las comunidades puedan vender sus antig\u00fcedades, todo acompa\u00f1ados en un marco musical.<\/p>\n<p>As\u00ed, el arte sale a la calle para encontrar a los sanjuaninos y turistas, quienes podr\u00e1n disfrutar los distintos espect\u00e1culos de forma gratuita.<\/p>\n<p><iframe loading=\"lazy\" title=\"FNS 2023 SAN JUAN\" width=\"800\" height=\"450\" src=\"https:\/\/www.youtube.com\/embed\/lQDitXFEQoE?feature=oembed\" frameborder=\"0\" allow=\"accelerometer; autoplay; clipboard-write; encrypted-media; gyroscope; picture-in-picture; web-share\" allowfullscreen><\/iframe><\/p>\n<p>&nbsp;<\/p>\n<p>&nbsp;<\/p>\n","protected":false},"excerpt":{"rendered":"<p>Verano Cultural, programa del Gobierno de San Juan que se realiza a trav\u00e9s del Ministerio de Turismo y Cultura, lanza<\/p>\n","protected":false},"author":3,"featured_media":55858,"comment_status":"closed","ping_status":"closed","sticky":false,"template":"","format":"video","meta":{"_acf_changed":false,"_seopress_robots_primary_cat":"none","_seopress_titles_title":"","_seopress_titles_desc":"","_seopress_robots_index":"","colormag_page_container_layout":"default_layout","colormag_page_sidebar_layout":"default_layout","footnotes":""},"categories":[20,7],"tags":[],"class_list":["post-55855","post","type-post","status-publish","format-video","has-post-thumbnail","hentry","category-cartelera","category-videos","post_format-post-format-video"],"acf":[],"_links":{"self":[{"href":"https:\/\/vocesparalelas.com.ar\/sitio\/wp-json\/wp\/v2\/posts\/55855","targetHints":{"allow":["GET"]}}],"collection":[{"href":"https:\/\/vocesparalelas.com.ar\/sitio\/wp-json\/wp\/v2\/posts"}],"about":[{"href":"https:\/\/vocesparalelas.com.ar\/sitio\/wp-json\/wp\/v2\/types\/post"}],"author":[{"embeddable":true,"href":"https:\/\/vocesparalelas.com.ar\/sitio\/wp-json\/wp\/v2\/users\/3"}],"replies":[{"embeddable":true,"href":"https:\/\/vocesparalelas.com.ar\/sitio\/wp-json\/wp\/v2\/comments?post=55855"}],"version-history":[{"count":1,"href":"https:\/\/vocesparalelas.com.ar\/sitio\/wp-json\/wp\/v2\/posts\/55855\/revisions"}],"predecessor-version":[{"id":55859,"href":"https:\/\/vocesparalelas.com.ar\/sitio\/wp-json\/wp\/v2\/posts\/55855\/revisions\/55859"}],"wp:featuredmedia":[{"embeddable":true,"href":"https:\/\/vocesparalelas.com.ar\/sitio\/wp-json\/wp\/v2\/media\/55858"}],"wp:attachment":[{"href":"https:\/\/vocesparalelas.com.ar\/sitio\/wp-json\/wp\/v2\/media?parent=55855"}],"wp:term":[{"taxonomy":"category","embeddable":true,"href":"https:\/\/vocesparalelas.com.ar\/sitio\/wp-json\/wp\/v2\/categories?post=55855"},{"taxonomy":"post_tag","embeddable":true,"href":"https:\/\/vocesparalelas.com.ar\/sitio\/wp-json\/wp\/v2\/tags?post=55855"}],"curies":[{"name":"wp","href":"https:\/\/api.w.org\/{rel}","templated":true}]}}