{"id":55829,"date":"2023-01-17T19:59:43","date_gmt":"2023-01-17T22:59:43","guid":{"rendered":"https:\/\/vocesparalelas.com.ar\/sitio\/?p=55829"},"modified":"2023-01-17T19:59:53","modified_gmt":"2023-01-17T22:59:53","slug":"se-elige-en-el-2023-un-nuevo-director-para-la-orquesta-sinfonica-de-la-unsj","status":"publish","type":"post","link":"https:\/\/vocesparalelas.com.ar\/sitio\/se-elige-en-el-2023-un-nuevo-director-para-la-orquesta-sinfonica-de-la-unsj\/","title":{"rendered":"Se elige en el 2023 un nuevo director para la Orquesta Sinf\u00f3nica de la UNSJ"},"content":{"rendered":"<p>Casi en la v\u00edspera de festejar su cincuentenario, que se cumplir\u00e1 en el 2024, la Orquesta Sinf\u00f3nica de la UNSJ afronta un 2023 que tendr\u00e1 una particularidad: deber\u00e1 seleccionar, entre directoras y directores invitados, quien ser\u00e1 su nuevo titular, tras la partida de Alfons Reverte, que la dirigi\u00f3 durante 2022.<\/p>\n<p>As\u00ed lo inform\u00f3 el director del Centro de Creaci\u00f3n Art\u00edstica Orquestal, Prof. Juan Carlos Caballero, quien se\u00f1al\u00f3 que los ensayos comenzar\u00e1n el 1 de marzo y que el primer concierto de la temporada ser\u00e1 bajo la direcci\u00f3n de Iv\u00e1n Lara, un director que ya es conocido para el cuerpo.<\/p>\n<figure id=\"attachment_55832\" aria-describedby=\"caption-attachment-55832\" style=\"width: 800px\" class=\"wp-caption alignnone\"><img loading=\"lazy\" decoding=\"async\" class=\"size-full wp-image-55832\" src=\"https:\/\/vocesparalelas.com.ar\/sitio\/wp-content\/uploads\/2023\/01\/JUAN-CARLOS-CABALLERO-01.jpg\" alt=\"\" width=\"800\" height=\"517\" srcset=\"https:\/\/vocesparalelas.com.ar\/sitio\/wp-content\/uploads\/2023\/01\/JUAN-CARLOS-CABALLERO-01.jpg 800w, https:\/\/vocesparalelas.com.ar\/sitio\/wp-content\/uploads\/2023\/01\/JUAN-CARLOS-CABALLERO-01-300x194.jpg 300w, https:\/\/vocesparalelas.com.ar\/sitio\/wp-content\/uploads\/2023\/01\/JUAN-CARLOS-CABALLERO-01-768x496.jpg 768w\" sizes=\"auto, (max-width: 800px) 100vw, 800px\" \/><figcaption id=\"caption-attachment-55832\" class=\"wp-caption-text\">Director del Centro de Creaci\u00f3n Art\u00edstica Orquestal, Prof. Juan Carlos Caballero<\/figcaption><\/figure>\n<p>\u201cVamos a dedicar todo el 2023 a trabajar con directoras y directores invitados, abocados a la b\u00fasqueda de nuestro nuevo o nueva titular. Son muchos los directores y directoras que se han propuesto para venir a trabajar a San Juan, as\u00ed es que vamos a hacer un trabajo detallado, tanto durante los ensayos como en los conciertos, para elegir. Esta elecci\u00f3n se har\u00e1 como siempre se ha hecho, con la votaci\u00f3n de toda la orquesta\u201d.<\/p>\n<p>Tambi\u00e9n inform\u00f3 que la comisi\u00f3n interna de la orquesta trabajar\u00e1 profundamente en este tema y es por ello que ir\u00e1n conociendo las nuevas propuestas a lo largo del a\u00f1o, pero que la decisi\u00f3n final involucra el voto de todas y todos los m\u00fasicos. \u201cDado que Alfons Reverte decidi\u00f3, por razones personales y familiares, no seguir con su continuidad, hemos pensado que la mejor manera ser\u00e1 seleccionar entre las mejores opciones, atendiendo a qu\u00e9 transmite cada uno o cada una a la orquesta\u201d.<\/p>\n<p>Para la nueva temporada, se\u00f1al\u00f3 que el primer concierto ser\u00e1 \u201ccon mucho tiempo de ensayo, por lo complejo del repertorio. Contaremos con la presencia de Iv\u00e1n Lara, un director que ya es conocido para la orquesta. En el segundo concierto, contaremos con Ariel Ardit, uno de los mejores cantantes de tango del momento. Tambi\u00e9n estamos en conversaciones con el Teatro del Bicentenario y con Mozarteum, para volver a trabajar en conjunto este a\u00f1o\u201d.<\/p>\n<p>Finalmente, dijo que \u201cel mayor desaf\u00edo del a\u00f1o ser\u00e1 el concierto de gala para los 50 a\u00f1os de la UNSJ, que ser\u00e1 en Octubre y que nos permitir\u00e1 contar una vez m\u00e1s con la presencia de Emanuel Siffert. Y tambi\u00e9n prepararnos para el 2024, en que la orquesta cumple 50 a\u00f1os\u201d.<\/p>\n<p>&nbsp;<\/p>\n","protected":false},"excerpt":{"rendered":"<p>Casi en la v\u00edspera de festejar su cincuentenario, que se cumplir\u00e1 en el 2024, la Orquesta Sinf\u00f3nica de la UNSJ<\/p>\n","protected":false},"author":3,"featured_media":15902,"comment_status":"closed","ping_status":"closed","sticky":false,"template":"","format":"standard","meta":{"_acf_changed":false,"_seopress_robots_primary_cat":"none","_seopress_titles_title":"","_seopress_titles_desc":"","_seopress_robots_index":"","colormag_page_container_layout":"default_layout","colormag_page_sidebar_layout":"default_layout","footnotes":""},"categories":[1],"tags":[],"class_list":["post-55829","post","type-post","status-publish","format-standard","has-post-thumbnail","hentry","category-destacadas"],"acf":[],"_links":{"self":[{"href":"https:\/\/vocesparalelas.com.ar\/sitio\/wp-json\/wp\/v2\/posts\/55829","targetHints":{"allow":["GET"]}}],"collection":[{"href":"https:\/\/vocesparalelas.com.ar\/sitio\/wp-json\/wp\/v2\/posts"}],"about":[{"href":"https:\/\/vocesparalelas.com.ar\/sitio\/wp-json\/wp\/v2\/types\/post"}],"author":[{"embeddable":true,"href":"https:\/\/vocesparalelas.com.ar\/sitio\/wp-json\/wp\/v2\/users\/3"}],"replies":[{"embeddable":true,"href":"https:\/\/vocesparalelas.com.ar\/sitio\/wp-json\/wp\/v2\/comments?post=55829"}],"version-history":[{"count":1,"href":"https:\/\/vocesparalelas.com.ar\/sitio\/wp-json\/wp\/v2\/posts\/55829\/revisions"}],"predecessor-version":[{"id":55833,"href":"https:\/\/vocesparalelas.com.ar\/sitio\/wp-json\/wp\/v2\/posts\/55829\/revisions\/55833"}],"wp:featuredmedia":[{"embeddable":true,"href":"https:\/\/vocesparalelas.com.ar\/sitio\/wp-json\/wp\/v2\/media\/15902"}],"wp:attachment":[{"href":"https:\/\/vocesparalelas.com.ar\/sitio\/wp-json\/wp\/v2\/media?parent=55829"}],"wp:term":[{"taxonomy":"category","embeddable":true,"href":"https:\/\/vocesparalelas.com.ar\/sitio\/wp-json\/wp\/v2\/categories?post=55829"},{"taxonomy":"post_tag","embeddable":true,"href":"https:\/\/vocesparalelas.com.ar\/sitio\/wp-json\/wp\/v2\/tags?post=55829"}],"curies":[{"name":"wp","href":"https:\/\/api.w.org\/{rel}","templated":true}]}}