{"id":55823,"date":"2023-01-16T23:40:32","date_gmt":"2023-01-17T02:40:32","guid":{"rendered":"https:\/\/vocesparalelas.com.ar\/sitio\/?p=55823"},"modified":"2023-01-16T23:49:04","modified_gmt":"2023-01-17T02:49:04","slug":"reconocimientos-para-san-juan-en-el-festival-nacional-de-malambo","status":"publish","type":"post","link":"https:\/\/vocesparalelas.com.ar\/sitio\/reconocimientos-para-san-juan-en-el-festival-nacional-de-malambo\/","title":{"rendered":"Reconocimientos para San Juan en el Festival Nacional de Malambo"},"content":{"rendered":"<p>En la 55\u00b0 edici\u00f3n del Festival Nacional del Malambo, cuatro integrantes de la Delegaci\u00f3n de San Juan fueron premiados en uno de los eventos folcl\u00f3ricos de mayor trayectoria del pa\u00eds y que a\u00f1o a a\u00f1o convoca a cientos de bailarines y bailarinas; cantantes, int\u00e9rpretes y m\u00fasicos, en la Provincia de C\u00f3rdoba, en la Localidad de Labore.<\/p>\n<p>Con representantes de las 23 provincias argentinas y de la Ciudad Aut\u00f3noma de Buenos Aires, la delegaci\u00f3n sanjuanina tuvo una gran participaci\u00f3n que consagr\u00f3 a artistas de cuatro categor\u00edas.<\/p>\n<p>Este a\u00f1o, Mariano Monta\u00f1a obtuvo el primer lugar en Malambo Veterano; German Vargas, segundo lugar en Malambo Juvenil Especial; Juanjo Recabarren, tercer lugar como Recitador Gauchesco y Daiana Ruarte, menci\u00f3n especial como Paisana Nacional.<\/p>\n<p>Por otro lado, la gran consagraci\u00f3n del Festival Nacional del Malambo fue para Mauro Dellac, oriundo de la provincia de Buenos Aires. De esta manera, el sanjuanino Sergio Zalazar finaliz\u00f3 un gran a\u00f1o como representante de la danza folcl\u00f3rica.<\/p>\n<p>En esta edici\u00f3n, adem\u00e1s de las delegaciones federales, estuvieron presentes representantes de los pa\u00edses vecinos del Paraguay, Chile y Uruguay, quienes exhibieron su m\u00fasica, danzas y costumbres t\u00edpicas en el escenario del festival 2023.<\/p>\n","protected":false},"excerpt":{"rendered":"<p>En la 55\u00b0 edici\u00f3n del Festival Nacional del Malambo, cuatro integrantes de la Delegaci\u00f3n de San Juan fueron premiados en<\/p>\n","protected":false},"author":3,"featured_media":55826,"comment_status":"closed","ping_status":"closed","sticky":false,"template":"","format":"standard","meta":{"_acf_changed":false,"_seopress_robots_primary_cat":"none","_seopress_titles_title":"","_seopress_titles_desc":"","_seopress_robots_index":"","colormag_page_container_layout":"default_layout","colormag_page_sidebar_layout":"default_layout","footnotes":""},"categories":[1],"tags":[],"class_list":["post-55823","post","type-post","status-publish","format-standard","has-post-thumbnail","hentry","category-destacadas"],"acf":[],"_links":{"self":[{"href":"https:\/\/vocesparalelas.com.ar\/sitio\/wp-json\/wp\/v2\/posts\/55823","targetHints":{"allow":["GET"]}}],"collection":[{"href":"https:\/\/vocesparalelas.com.ar\/sitio\/wp-json\/wp\/v2\/posts"}],"about":[{"href":"https:\/\/vocesparalelas.com.ar\/sitio\/wp-json\/wp\/v2\/types\/post"}],"author":[{"embeddable":true,"href":"https:\/\/vocesparalelas.com.ar\/sitio\/wp-json\/wp\/v2\/users\/3"}],"replies":[{"embeddable":true,"href":"https:\/\/vocesparalelas.com.ar\/sitio\/wp-json\/wp\/v2\/comments?post=55823"}],"version-history":[{"count":2,"href":"https:\/\/vocesparalelas.com.ar\/sitio\/wp-json\/wp\/v2\/posts\/55823\/revisions"}],"predecessor-version":[{"id":55828,"href":"https:\/\/vocesparalelas.com.ar\/sitio\/wp-json\/wp\/v2\/posts\/55823\/revisions\/55828"}],"wp:featuredmedia":[{"embeddable":true,"href":"https:\/\/vocesparalelas.com.ar\/sitio\/wp-json\/wp\/v2\/media\/55826"}],"wp:attachment":[{"href":"https:\/\/vocesparalelas.com.ar\/sitio\/wp-json\/wp\/v2\/media?parent=55823"}],"wp:term":[{"taxonomy":"category","embeddable":true,"href":"https:\/\/vocesparalelas.com.ar\/sitio\/wp-json\/wp\/v2\/categories?post=55823"},{"taxonomy":"post_tag","embeddable":true,"href":"https:\/\/vocesparalelas.com.ar\/sitio\/wp-json\/wp\/v2\/tags?post=55823"}],"curies":[{"name":"wp","href":"https:\/\/api.w.org\/{rel}","templated":true}]}}