{"id":55811,"date":"2023-01-16T21:04:51","date_gmt":"2023-01-17T00:04:51","guid":{"rendered":"https:\/\/vocesparalelas.com.ar\/sitio\/?p=55811"},"modified":"2023-01-16T22:02:22","modified_gmt":"2023-01-17T01:02:22","slug":"dialogaron-sobre-la-elaboracion-de-un-nuevo-mapa-de-peligrosidad-sismica-en-san-juan","status":"publish","type":"post","link":"https:\/\/vocesparalelas.com.ar\/sitio\/dialogaron-sobre-la-elaboracion-de-un-nuevo-mapa-de-peligrosidad-sismica-en-san-juan\/","title":{"rendered":"Dialogaron sobre la elaboraci\u00f3n de un nuevo mapa de peligrosidad s\u00edsmica en San Juan"},"content":{"rendered":"<p>El gobernador de San Juan, Dr. Sergio U\u00f1ac recibi\u00f3 los saludos protocolares del presidente del Instituto Nacional de Prevenci\u00f3n S\u00edsmica, INPRES, Ing. Rodolfo Garc\u00eda, al cumplirse 79 a\u00f1os del Terremoto de 1944 en la provincia.<\/p>\n<p>El encuentro tuvo lugar en Casa de Gobierno, donde el Ing. Garc\u00eda expres\u00f3 que \u201c\u00e9ste 79 aniversario es un antes y un despu\u00e9s que marc\u00f3 a la provincia, adem\u00e1s de ser un punto de inflexi\u00f3n en la historia de los temblores en argentina\u201d.<\/p>\n<figure id=\"attachment_55816\" aria-describedby=\"caption-attachment-55816\" style=\"width: 800px\" class=\"wp-caption alignnone\"><img loading=\"lazy\" decoding=\"async\" class=\"size-full wp-image-55816\" src=\"https:\/\/vocesparalelas.com.ar\/sitio\/wp-content\/uploads\/2023\/01\/INPRES-ING-RODOLFO-GARCIA-01.jpg\" alt=\"\" width=\"800\" height=\"520\" srcset=\"https:\/\/vocesparalelas.com.ar\/sitio\/wp-content\/uploads\/2023\/01\/INPRES-ING-RODOLFO-GARCIA-01.jpg 800w, https:\/\/vocesparalelas.com.ar\/sitio\/wp-content\/uploads\/2023\/01\/INPRES-ING-RODOLFO-GARCIA-01-300x195.jpg 300w, https:\/\/vocesparalelas.com.ar\/sitio\/wp-content\/uploads\/2023\/01\/INPRES-ING-RODOLFO-GARCIA-01-768x499.jpg 768w\" sizes=\"auto, (max-width: 800px) 100vw, 800px\" \/><figcaption id=\"caption-attachment-55816\" class=\"wp-caption-text\">Presidente del INPRES, Ing. Rodolfo Garc\u00eda<\/figcaption><\/figure>\n<p>Con respecto a la historia de la instituci\u00f3n, el presidente del instituto de medici\u00f3n s\u00edsmica explic\u00f3 que luego del siniestro, se gener\u00f3 el Consejo de Reconstrucci\u00f3n de San Juan , lo que a\u00f1os despu\u00e9s dio origen al INPRES. \u201cDesde ese entonces, se trabaja en nuestro pa\u00eds y en la provincia para disminuir el riesgo y la vulnerabilidad de los movimientos tel\u00faricos de las construcciones. As\u00ed, cuando suceda un terremoto nos encontrar\u00e1 lo suficientemente preparados para afrontarlo con la menor cantidad de da\u00f1o posible\u201d.<\/p>\n<p>De tal manera, agreg\u00f3 que en materia s\u00edsmica San Juan sobresale entre otras provincias argentinas. \u201cEstamos mucho mejor que anteriormente, pero no hay que bajar la guardia, hay que seguir porque tenemos que tener conciencia de que estamos frente a un peligro aleatorio que puede suceder en cualquier momento. Cuanto m\u00e1s preparados estemos ser\u00e1 m\u00e1s \u00f3ptimo el resultado\u201d.<\/p>\n<p>Finalmente, el profesional detall\u00f3 la elaboraci\u00f3n de un nuevo mapa de peligrosidad s\u00edsmica, que reemplazar\u00e1 en el futuro cercano al actual que tiene la Argentina y en particular la provincia, de m\u00e1s 40 a\u00f1os. \u201cA medida que avanzan los conocimientos, se tiene mayor certeza de los lugares m\u00e1s peligrosos en San Juan durante un sismo\u201d, concluy\u00f3 el Ing. Garc\u00eda.<\/p>\n<p>Cabe recordar que el Terremoto de San Juan de 1944 ocurri\u00f3 el 15 de enero de ese a\u00f1o a las 20:52 (hora local) y tuvo su epicentro a 20 km al norte de la ciudad de San Juan, en las proximidades de La Laja, Albard\u00f3n.<\/p>\n<p>Se estim\u00f3 su magnitud de ondas superficiales en 7,5 grados, la magnitud de momento fue calculada a\u00f1os m\u00e1s tarde en 7,6, la profundidad entre 11 y 16 km. Este sismo en Argentina se considera el evento natural m\u00e1s destructivo que se haya registrado en la breve historia del pa\u00eds. Su intensidad m\u00e1xima fue de 9 en la escala de Mercalli modificada.<\/p>\n<p>El terremoto destruy\u00f3 el 80 % de la Ciudad de San Juan; posteriormente, comenzaron a tomarse medidas para lograr la reconstrucci\u00f3n de la provincia, se cre\u00f3 un organismo que encar\u00f3 un plan regulador para la construcci\u00f3n antis\u00edsmica ,ya que el 98% de las construcciones de la \u00e9poca eran de adobe.<\/p>\n<p>Puede afirmarse que los efectos desastrosos del sismo se debieron no solo a la violencia del movimiento, sino a la deficiente calidad de la edificaci\u00f3n, por la ausencia absoluta de legislaci\u00f3n o de buenas pr\u00e1cticas de construcci\u00f3n.<\/p>\n<p><iframe loading=\"lazy\" title=\"El director del INPRES fue recibido por el gobernador U\u00f1ac\" width=\"800\" height=\"450\" src=\"https:\/\/www.youtube.com\/embed\/OdlInQ36CHI?feature=oembed\" frameborder=\"0\" allow=\"accelerometer; autoplay; clipboard-write; encrypted-media; gyroscope; picture-in-picture; web-share\" allowfullscreen><\/iframe><\/p>\n","protected":false},"excerpt":{"rendered":"<p>El gobernador de San Juan, Dr. Sergio U\u00f1ac recibi\u00f3 los saludos protocolares del presidente del Instituto Nacional de Prevenci\u00f3n S\u00edsmica,<\/p>\n","protected":false},"author":3,"featured_media":55815,"comment_status":"closed","ping_status":"closed","sticky":false,"template":"","format":"video","meta":{"_acf_changed":false,"_seopress_robots_primary_cat":"none","_seopress_titles_title":"","_seopress_titles_desc":"","_seopress_robots_index":"","colormag_page_container_layout":"default_layout","colormag_page_sidebar_layout":"default_layout","footnotes":""},"categories":[1,7],"tags":[],"class_list":["post-55811","post","type-post","status-publish","format-video","has-post-thumbnail","hentry","category-destacadas","category-videos","post_format-post-format-video"],"acf":[],"_links":{"self":[{"href":"https:\/\/vocesparalelas.com.ar\/sitio\/wp-json\/wp\/v2\/posts\/55811","targetHints":{"allow":["GET"]}}],"collection":[{"href":"https:\/\/vocesparalelas.com.ar\/sitio\/wp-json\/wp\/v2\/posts"}],"about":[{"href":"https:\/\/vocesparalelas.com.ar\/sitio\/wp-json\/wp\/v2\/types\/post"}],"author":[{"embeddable":true,"href":"https:\/\/vocesparalelas.com.ar\/sitio\/wp-json\/wp\/v2\/users\/3"}],"replies":[{"embeddable":true,"href":"https:\/\/vocesparalelas.com.ar\/sitio\/wp-json\/wp\/v2\/comments?post=55811"}],"version-history":[{"count":2,"href":"https:\/\/vocesparalelas.com.ar\/sitio\/wp-json\/wp\/v2\/posts\/55811\/revisions"}],"predecessor-version":[{"id":55817,"href":"https:\/\/vocesparalelas.com.ar\/sitio\/wp-json\/wp\/v2\/posts\/55811\/revisions\/55817"}],"wp:featuredmedia":[{"embeddable":true,"href":"https:\/\/vocesparalelas.com.ar\/sitio\/wp-json\/wp\/v2\/media\/55815"}],"wp:attachment":[{"href":"https:\/\/vocesparalelas.com.ar\/sitio\/wp-json\/wp\/v2\/media?parent=55811"}],"wp:term":[{"taxonomy":"category","embeddable":true,"href":"https:\/\/vocesparalelas.com.ar\/sitio\/wp-json\/wp\/v2\/categories?post=55811"},{"taxonomy":"post_tag","embeddable":true,"href":"https:\/\/vocesparalelas.com.ar\/sitio\/wp-json\/wp\/v2\/tags?post=55811"}],"curies":[{"name":"wp","href":"https:\/\/api.w.org\/{rel}","templated":true}]}}