{"id":55807,"date":"2023-01-16T20:52:13","date_gmt":"2023-01-16T23:52:13","guid":{"rendered":"https:\/\/vocesparalelas.com.ar\/sitio\/?p=55807"},"modified":"2023-01-16T20:54:19","modified_gmt":"2023-01-16T23:54:19","slug":"el-ipv-de-san-juan-no-entregara-viviendas-a-nuevos-asentados-en-el-departamento-pocito","status":"publish","type":"post","link":"https:\/\/vocesparalelas.com.ar\/sitio\/el-ipv-de-san-juan-no-entregara-viviendas-a-nuevos-asentados-en-el-departamento-pocito\/","title":{"rendered":"El IPV de San Juan no entregar\u00e1 viviendas a nuevos asentados en el Departamento Pocito"},"content":{"rendered":"<p>El Instituto Provincial de la Vivienda del Ministerio de Obras y Servicios P\u00fablicos del Gobierno de San Juan informa que no entregar\u00e1 viviendas a nuevas familias y\/o individuos asentados en la zona de calle Aberastain, entre 15 y 17, departamento Pocito.<\/p>\n<p>Solo ser\u00e1n beneficiarias aquellas familias que oportunamente fueron relevadas y censadas por el IPV, la Municipalidad de Pocito y el Ministerio de Desarrollo Humano.<\/p>\n<p>Esto, en funci\u00f3n de que se detect\u00f3 que al padr\u00f3n elaborado en la zona con familias que se asentaron por p\u00e9rdida de sus viviendas luego del terremoto del 18 de enero de 2021, se sumaron unas 150 familias que no forman parte del censo de damnificados en Pocito. Algunas de esas familias ni siquiera son de la provincia.<\/p>\n<p>Cabe recordar que los departamentos m\u00e1s afectados por el terremoto fueron Pocito y Rivadavia, en el primero ya se entreg\u00f3 el barrio Sierras de Marquesado y en el segundo est\u00e1 pr\u00f3xima la entrega del barrio Las Pampas. Todas estas adjudicaciones responden exclusivamente a un padr\u00f3n cerrado que el organismo estatal realiz\u00f3 oportunamente.<\/p>\n<p>Es por ello que se informa a quienes pensaron que por sumarse al asentamiento obtendr\u00edan el beneficio de una vivienda, no tienen ninguna posibilidad de vivienda.<\/p>\n<p>&nbsp;<\/p>\n<p style=\"text-align: right;\">San Juan, 16 de enero de 2023<\/p>\n","protected":false},"excerpt":{"rendered":"<p>El Instituto Provincial de la Vivienda del Ministerio de Obras y Servicios P\u00fablicos del Gobierno de San Juan informa que<\/p>\n","protected":false},"author":3,"featured_media":29002,"comment_status":"closed","ping_status":"closed","sticky":false,"template":"","format":"standard","meta":{"_acf_changed":false,"_seopress_robots_primary_cat":"none","_seopress_titles_title":"","_seopress_titles_desc":"","_seopress_robots_index":"","colormag_page_container_layout":"default_layout","colormag_page_sidebar_layout":"default_layout","footnotes":""},"categories":[1],"tags":[],"class_list":["post-55807","post","type-post","status-publish","format-standard","has-post-thumbnail","hentry","category-destacadas"],"acf":[],"_links":{"self":[{"href":"https:\/\/vocesparalelas.com.ar\/sitio\/wp-json\/wp\/v2\/posts\/55807","targetHints":{"allow":["GET"]}}],"collection":[{"href":"https:\/\/vocesparalelas.com.ar\/sitio\/wp-json\/wp\/v2\/posts"}],"about":[{"href":"https:\/\/vocesparalelas.com.ar\/sitio\/wp-json\/wp\/v2\/types\/post"}],"author":[{"embeddable":true,"href":"https:\/\/vocesparalelas.com.ar\/sitio\/wp-json\/wp\/v2\/users\/3"}],"replies":[{"embeddable":true,"href":"https:\/\/vocesparalelas.com.ar\/sitio\/wp-json\/wp\/v2\/comments?post=55807"}],"version-history":[{"count":1,"href":"https:\/\/vocesparalelas.com.ar\/sitio\/wp-json\/wp\/v2\/posts\/55807\/revisions"}],"predecessor-version":[{"id":55810,"href":"https:\/\/vocesparalelas.com.ar\/sitio\/wp-json\/wp\/v2\/posts\/55807\/revisions\/55810"}],"wp:featuredmedia":[{"embeddable":true,"href":"https:\/\/vocesparalelas.com.ar\/sitio\/wp-json\/wp\/v2\/media\/29002"}],"wp:attachment":[{"href":"https:\/\/vocesparalelas.com.ar\/sitio\/wp-json\/wp\/v2\/media?parent=55807"}],"wp:term":[{"taxonomy":"category","embeddable":true,"href":"https:\/\/vocesparalelas.com.ar\/sitio\/wp-json\/wp\/v2\/categories?post=55807"},{"taxonomy":"post_tag","embeddable":true,"href":"https:\/\/vocesparalelas.com.ar\/sitio\/wp-json\/wp\/v2\/tags?post=55807"}],"curies":[{"name":"wp","href":"https:\/\/api.w.org\/{rel}","templated":true}]}}