{"id":55795,"date":"2023-01-13T22:29:40","date_gmt":"2023-01-14T01:29:40","guid":{"rendered":"https:\/\/vocesparalelas.com.ar\/sitio\/?p=55795"},"modified":"2023-01-17T00:37:34","modified_gmt":"2023-01-17T03:37:34","slug":"baja-presion-en-el-agua-potable-en-la-zona-oeste-del-departamento-de-rivadavia","status":"publish","type":"post","link":"https:\/\/vocesparalelas.com.ar\/sitio\/baja-presion-en-el-agua-potable-en-la-zona-oeste-del-departamento-de-rivadavia\/","title":{"rendered":"Baja presi\u00f3n en el agua potable en la zona Oeste del Departamento de Rivadavia"},"content":{"rendered":"<p>Tras detectar inconvenientes en el funcionamiento del sistema en una de las tres perforaciones de agua ubicadas en El Pinar, OSSE analiza sus causas y pronta resoluci\u00f3n. Mientras analizan el estado de situaci\u00f3n hay una disminuci\u00f3n en el caudal de ingreso de agua cruda que abastece la reserva chica del Establecimiento Potabilizador Marquesado. En consecuencia, la zona Oeste del departamento Rivadavia puede llegar a tener baja presi\u00f3n en el suministro del servicio durante el Domingo, 15 de Enero de 2023.<\/p>\n<p>Obras Sanitarias sugiere\u00a0cuidar la reserva del tanque domiciliario, priorizando el consumo de agua potable para actividades b\u00e1sicas de higiene, bebida y alimentaci\u00f3n; prever el guardado de agua potable para consumo humano en recipientes aptos; y recordar que las reservas domiciliarias permiten afrontar eventos de estas caracter\u00edsticas por m\u00e1s de 24 horas, siempre que se haga un uso racional del agua.<\/p>\n<p>Por consultas, la empresa pone a disposici\u00f3n de sus usuarios las siguientes v\u00edas de contacto:<\/p>\n<p><span style=\"color: #3366ff;\"><strong>Para RECLAMOS, DENUNCIAS, SUGERENCIAS<\/strong>:<\/span><\/p>\n<p>Por WhatsApp 264 506 4444 (s\u00f3lo texto)<\/p>\n<p>Por l\u00ednea telef\u00f3nica gratuita: 0800-222-6773<\/p>\n<p><span style=\"color: #3366ff;\"><strong>Para CONSULTAS COMERCIALES<\/strong>:<\/span><\/p>\n<p>Por WhatsApp 264 661 5284 (s\u00f3lo texto)<\/p>\n<p><strong>Sitio web de OSSE \/ contacto.<\/strong><\/p>\n<p><strong>Facebook e Instagram: Obras Sanitarias Sociedad del Estado.<\/strong><\/p>\n","protected":false},"excerpt":{"rendered":"<p>Tras detectar inconvenientes en el funcionamiento del sistema en una de las tres perforaciones de agua ubicadas en El Pinar,<\/p>\n","protected":false},"author":3,"featured_media":18050,"comment_status":"closed","ping_status":"closed","sticky":false,"template":"","format":"standard","meta":{"_acf_changed":false,"_seopress_robots_primary_cat":"none","_seopress_titles_title":"","_seopress_titles_desc":"","_seopress_robots_index":"","colormag_page_container_layout":"default_layout","colormag_page_sidebar_layout":"default_layout","footnotes":""},"categories":[1],"tags":[],"class_list":["post-55795","post","type-post","status-publish","format-standard","has-post-thumbnail","hentry","category-destacadas"],"acf":[],"_links":{"self":[{"href":"https:\/\/vocesparalelas.com.ar\/sitio\/wp-json\/wp\/v2\/posts\/55795","targetHints":{"allow":["GET"]}}],"collection":[{"href":"https:\/\/vocesparalelas.com.ar\/sitio\/wp-json\/wp\/v2\/posts"}],"about":[{"href":"https:\/\/vocesparalelas.com.ar\/sitio\/wp-json\/wp\/v2\/types\/post"}],"author":[{"embeddable":true,"href":"https:\/\/vocesparalelas.com.ar\/sitio\/wp-json\/wp\/v2\/users\/3"}],"replies":[{"embeddable":true,"href":"https:\/\/vocesparalelas.com.ar\/sitio\/wp-json\/wp\/v2\/comments?post=55795"}],"version-history":[{"count":1,"href":"https:\/\/vocesparalelas.com.ar\/sitio\/wp-json\/wp\/v2\/posts\/55795\/revisions"}],"predecessor-version":[{"id":55798,"href":"https:\/\/vocesparalelas.com.ar\/sitio\/wp-json\/wp\/v2\/posts\/55795\/revisions\/55798"}],"wp:featuredmedia":[{"embeddable":true,"href":"https:\/\/vocesparalelas.com.ar\/sitio\/wp-json\/wp\/v2\/media\/18050"}],"wp:attachment":[{"href":"https:\/\/vocesparalelas.com.ar\/sitio\/wp-json\/wp\/v2\/media?parent=55795"}],"wp:term":[{"taxonomy":"category","embeddable":true,"href":"https:\/\/vocesparalelas.com.ar\/sitio\/wp-json\/wp\/v2\/categories?post=55795"},{"taxonomy":"post_tag","embeddable":true,"href":"https:\/\/vocesparalelas.com.ar\/sitio\/wp-json\/wp\/v2\/tags?post=55795"}],"curies":[{"name":"wp","href":"https:\/\/api.w.org\/{rel}","templated":true}]}}