{"id":55790,"date":"2023-01-14T22:01:52","date_gmt":"2023-01-15T01:01:52","guid":{"rendered":"https:\/\/vocesparalelas.com.ar\/sitio\/?p=55790"},"modified":"2023-01-15T00:02:05","modified_gmt":"2023-01-15T03:02:05","slug":"el-colector-sudeste-beneficia-a-los-habitantes-del-departamento-de-rivadavia-de-san-juan","status":"publish","type":"post","link":"https:\/\/vocesparalelas.com.ar\/sitio\/el-colector-sudeste-beneficia-a-los-habitantes-del-departamento-de-rivadavia-de-san-juan\/","title":{"rendered":"El Colector Sudeste beneficia a los habitantes del Departamento de Rivadavia de San Juan"},"content":{"rendered":"<p>La obra \u201cColector Sudeste y Redes Colectoras, Villa Seminario, Barrio Meglioli, Barrio Camus, Barrio Natania XV y otros\u201d, contin\u00faa las tareas sobre calle Periodistas Argentinos y Rastreador Calivar, en el departamento Rivadavia, el 9 de Enero y se extiende por 20 d\u00edas, aproximadamente.<\/p>\n<p>Luego, a partir de Febrero, siguen las actividades en la avenida Jos\u00e9 Ignacio de la Roza para culminar las tareas restantes sobre dicha traza.<\/p>\n<p><span style=\"color: #0000ff;\"><strong>Trabajos que se realizan<\/strong><\/span><\/p>\n<p>Dentro de las tareas previstas, se lleva a cabo culminaci\u00f3n de las tareas pendientes sobre veredas y restituci\u00f3n de calzada en avenida Periodistas Argentinos y calle rastreador Calivar, donde se realiza la instalaci\u00f3n de ca\u00f1er\u00eda de PVC de 160 mm de di\u00e1metro sobre la traza de la vereda, tal cual se ejecut\u00f3 sobre finales del mes de diciembre en un tramo anterior. Se destaca que las operaciones a realizar no intervienen la calle, pero si interfieren con el normal tr\u00e1nsito durante lo que reste de obra, ya que la traza de la calle es soporte para materiales de equipos y herramientas de obra.<\/p>\n<p>La empresa contratista Hormigones de Cuyo SRL realiza los desv\u00edos de tr\u00e1nsito hacia calles aleda\u00f1as. Se solicita especialmente a los motociclistas y ciclistas que se desplacen por la zona, hacerlo con precauci\u00f3n y respetando los desv\u00edos que estar\u00e1n debidamente se\u00f1alizados en toda la zona donde se realizar\u00e1n tareas.<\/p>\n<p>Una vez que culmine toda la obra se beneficiar\u00e1n m\u00e1s de 13 mil habitantes de los complejos habitacionales Camus, CGT, 20 de Noviembre, Natania XVII, Natania XV, Turf, Loteo Frau, Meglioli, Fortabat, Cooperarq V, Villa Seminario y Villa Doncel, entre otros.<\/p>\n<p>Es importante mencionar que la obra cuenta con un gran avance, cumpli\u00e9ndose en tiempo y forma el cronograma de trabajo planteado oportunamente.<\/p>\n<p>Cabe destacar que, si bien este tipo de obra es muy inc\u00f3moda para los vecinos ya que interrumpe la libre circulaci\u00f3n e inhabilita los ingresos de las viviendas, significar\u00e1 una mejora sustancial en cuanto saneamiento y calidad de vida para cada uno de los beneficiarios.<\/p>\n","protected":false},"excerpt":{"rendered":"<p>La obra \u201cColector Sudeste y Redes Colectoras, Villa Seminario, Barrio Meglioli, Barrio Camus, Barrio Natania XV y otros\u201d, contin\u00faa las<\/p>\n","protected":false},"author":3,"featured_media":55793,"comment_status":"closed","ping_status":"closed","sticky":false,"template":"","format":"standard","meta":{"_acf_changed":false,"_seopress_robots_primary_cat":"none","_seopress_titles_title":"","_seopress_titles_desc":"","_seopress_robots_index":"","colormag_page_container_layout":"default_layout","colormag_page_sidebar_layout":"default_layout","footnotes":""},"categories":[1],"tags":[],"class_list":["post-55790","post","type-post","status-publish","format-standard","has-post-thumbnail","hentry","category-destacadas"],"acf":[],"_links":{"self":[{"href":"https:\/\/vocesparalelas.com.ar\/sitio\/wp-json\/wp\/v2\/posts\/55790","targetHints":{"allow":["GET"]}}],"collection":[{"href":"https:\/\/vocesparalelas.com.ar\/sitio\/wp-json\/wp\/v2\/posts"}],"about":[{"href":"https:\/\/vocesparalelas.com.ar\/sitio\/wp-json\/wp\/v2\/types\/post"}],"author":[{"embeddable":true,"href":"https:\/\/vocesparalelas.com.ar\/sitio\/wp-json\/wp\/v2\/users\/3"}],"replies":[{"embeddable":true,"href":"https:\/\/vocesparalelas.com.ar\/sitio\/wp-json\/wp\/v2\/comments?post=55790"}],"version-history":[{"count":1,"href":"https:\/\/vocesparalelas.com.ar\/sitio\/wp-json\/wp\/v2\/posts\/55790\/revisions"}],"predecessor-version":[{"id":55794,"href":"https:\/\/vocesparalelas.com.ar\/sitio\/wp-json\/wp\/v2\/posts\/55790\/revisions\/55794"}],"wp:featuredmedia":[{"embeddable":true,"href":"https:\/\/vocesparalelas.com.ar\/sitio\/wp-json\/wp\/v2\/media\/55793"}],"wp:attachment":[{"href":"https:\/\/vocesparalelas.com.ar\/sitio\/wp-json\/wp\/v2\/media?parent=55790"}],"wp:term":[{"taxonomy":"category","embeddable":true,"href":"https:\/\/vocesparalelas.com.ar\/sitio\/wp-json\/wp\/v2\/categories?post=55790"},{"taxonomy":"post_tag","embeddable":true,"href":"https:\/\/vocesparalelas.com.ar\/sitio\/wp-json\/wp\/v2\/tags?post=55790"}],"curies":[{"name":"wp","href":"https:\/\/api.w.org\/{rel}","templated":true}]}}