{"id":55782,"date":"2023-01-13T21:37:41","date_gmt":"2023-01-14T00:37:41","guid":{"rendered":"https:\/\/vocesparalelas.com.ar\/sitio\/?p=55782"},"modified":"2023-01-13T21:37:41","modified_gmt":"2023-01-14T00:37:41","slug":"dirigentes-de-futbol-estan-san-juan","status":"publish","type":"post","link":"https:\/\/vocesparalelas.com.ar\/sitio\/dirigentes-de-futbol-estan-san-juan\/","title":{"rendered":"Dirigentes de f\u00fatbol est\u00e1n San Juan"},"content":{"rendered":"<p>El gobernador Sergio U\u00f1ac recibi\u00f3 los saludos protocolares de representantes de Boca Juniors: presidente, Jorge Ameal; secretario institucional, Alejandro Gonzalez; integrantes del Consejo, Ra\u00fal Cascini y Mauricio Serna; el presidente del Everton de Chile, Pedro Cedillo Mart\u00ednez y por parte de Proenter, empresa organizadora del evento, Valent\u00edn Albino.<\/p>\n<p>Las autoridades estuvieron acompa\u00f1adas por el secretario de Estado de Deportes, Jorge Chica y el defensor del Pueblo, Pablo Garc\u00eda Nieto.<\/p>\n<p>El encuentro se dio en el marco del Torneo Internacional de Verano BetWarrior 2023, un triangular entre Everton de Chile, Independiente y Boca, que se disput\u00f3 en el Teatro del San Juan del Bicentenario.<\/p>\n<p>\u00abQuiero agradecer al gobernador por recibirnos ac\u00e1 y poder estrechar lazos entre Chile y Argentina. Nosotros, como una de las instrucciones hist\u00f3ricas de Vi\u00f1a del Mar, venimos a generar estos lazos e internacionalizar el club\u201d, expres\u00f3 el presidente de Everton.<\/p>\n<p>Continuando, el dirigente agreg\u00f3 que \u201cadem\u00e1s, quiero felicitar a la provincia de San Juan por invertir tanto en el deporte. Nosotros somos fieles seguidores del deporte y apostamos mucho por los j\u00f3venes y veo que ac\u00e1 invierten fuertemente en el deporte\u201d.<\/p>\n<p>\u201cVeo que est\u00e1n por inaugurar un vel\u00f3dromo con un gran desembolso e infraestructura, el estadio est\u00e1 precioso y quiero felicitarlos por esa visi\u00f3n de que, a trav\u00e9s del deporte, es como se les cambia la vida a tantos chicos y nosotros tenemos esa misma visi\u00f3n\u00bb, concluy\u00f3 el presidente de Everton.<\/p>\n<p>Por su parte, Serna agradeci\u00f3 al gobernador y a Chica \u201cporque hacen que Boca est\u00e9 presente en San Juan. Nos atendieron de la mejor manera y esperemos que esta noche nuestro club haga un buen partido y el p\u00fablico disfrute un gran espect\u00e1culo\u00bb, manifest\u00f3 en referencia al encuentro que ambos equipos disputar\u00e1n en el Estadio del Bicentenario a partir de las 21.30.<\/p>\n<p>&nbsp;<\/p>\n","protected":false},"excerpt":{"rendered":"<p>El gobernador Sergio U\u00f1ac recibi\u00f3 los saludos protocolares de representantes de Boca Juniors: presidente, Jorge Ameal; secretario institucional, Alejandro Gonzalez;<\/p>\n","protected":false},"author":3,"featured_media":55785,"comment_status":"closed","ping_status":"closed","sticky":false,"template":"","format":"standard","meta":{"_acf_changed":false,"_seopress_robots_primary_cat":"none","_seopress_titles_title":"","_seopress_titles_desc":"","_seopress_robots_index":"","colormag_page_container_layout":"default_layout","colormag_page_sidebar_layout":"default_layout","footnotes":""},"categories":[1],"tags":[],"class_list":["post-55782","post","type-post","status-publish","format-standard","has-post-thumbnail","hentry","category-destacadas"],"acf":[],"_links":{"self":[{"href":"https:\/\/vocesparalelas.com.ar\/sitio\/wp-json\/wp\/v2\/posts\/55782","targetHints":{"allow":["GET"]}}],"collection":[{"href":"https:\/\/vocesparalelas.com.ar\/sitio\/wp-json\/wp\/v2\/posts"}],"about":[{"href":"https:\/\/vocesparalelas.com.ar\/sitio\/wp-json\/wp\/v2\/types\/post"}],"author":[{"embeddable":true,"href":"https:\/\/vocesparalelas.com.ar\/sitio\/wp-json\/wp\/v2\/users\/3"}],"replies":[{"embeddable":true,"href":"https:\/\/vocesparalelas.com.ar\/sitio\/wp-json\/wp\/v2\/comments?post=55782"}],"version-history":[{"count":1,"href":"https:\/\/vocesparalelas.com.ar\/sitio\/wp-json\/wp\/v2\/posts\/55782\/revisions"}],"predecessor-version":[{"id":55786,"href":"https:\/\/vocesparalelas.com.ar\/sitio\/wp-json\/wp\/v2\/posts\/55782\/revisions\/55786"}],"wp:featuredmedia":[{"embeddable":true,"href":"https:\/\/vocesparalelas.com.ar\/sitio\/wp-json\/wp\/v2\/media\/55785"}],"wp:attachment":[{"href":"https:\/\/vocesparalelas.com.ar\/sitio\/wp-json\/wp\/v2\/media?parent=55782"}],"wp:term":[{"taxonomy":"category","embeddable":true,"href":"https:\/\/vocesparalelas.com.ar\/sitio\/wp-json\/wp\/v2\/categories?post=55782"},{"taxonomy":"post_tag","embeddable":true,"href":"https:\/\/vocesparalelas.com.ar\/sitio\/wp-json\/wp\/v2\/tags?post=55782"}],"curies":[{"name":"wp","href":"https:\/\/api.w.org\/{rel}","templated":true}]}}