{"id":55773,"date":"2023-01-16T20:28:34","date_gmt":"2023-01-16T23:28:34","guid":{"rendered":"https:\/\/vocesparalelas.com.ar\/sitio\/?p=55773"},"modified":"2023-01-18T00:54:11","modified_gmt":"2023-01-18T03:54:11","slug":"venta-de-entradas-para-la-fns-2023-en-san-juan","status":"publish","type":"post","link":"https:\/\/vocesparalelas.com.ar\/sitio\/venta-de-entradas-para-la-fns-2023-en-san-juan\/","title":{"rendered":"Venta de entradas para la FNS 2023 en San Juan"},"content":{"rendered":"<p>Los puntos para adquirir las entradas ser\u00e1n en el Costanera Complejo Ferial y Teatro del Bicentenario, de 9 a 19 hs, y tambi\u00e9n se vender\u00e1n por\u00a0<a href=\"http:\/\/autoentrada.com.\">http:\/\/autoentrada.com.<\/a><\/p>\n<p>Por otra parte, los clientes de Banco San Juan tendr\u00e1n una serie de beneficios en las entradas y el sector gastron\u00f3mico. \u201cCon las tarjetas de cr\u00e9dito se podr\u00e1n adquirir las entradas en seis cuotas sin inter\u00e9s en los puntos de venta. Este a\u00f1o, el mismo sistema, tambi\u00e9n, se aplicar\u00e1 con las tarjetas de los otros bancos del grupo. Adem\u00e1s, dentro del predio habr\u00e1 beneficios en los puestos gastron\u00f3micos con Billetera San Juan, que se lanz\u00f3 en conjunto con el Gobierno de San Juan, y que otorga hasta 30% de descuentos. La idea es que la gente pueda disfrutar del sector gastron\u00f3mico y de la grilla de espect\u00e1culos\u201d sostuvo Mercedes Morach, gerente de Banca Consumo de Banco San Juan, sponsor oficial de la Fiesta Nacional del Sol.<\/p>\n<p><span style=\"color: #339966;\"><strong>La Cuyan\u00eda: \u201cViva Cuyo, Cuyo, Cuyo\u201d<\/strong><\/span><\/p>\n<p>Luego de la excelente convocatoria que tuvo La Cuyan\u00eda en el Complejo Juan Victoria, el festival que revaloriza la identidad musical a trav\u00e9s de las formas tradicionales como la tonada, cuecas y gatos, presentar\u00e1 \u201cViva Cuyo, Cuyo, Cuyo\u201d en la FNS 2023.<\/p>\n<p>En esta ocasi\u00f3n, los artistas de San Juan ser\u00e1n protagonistas dejando en el escenario las diferentes expresiones musicales que caracterizan a la provincia. Ellos son Luciano Guti\u00e9rrez, Carlota De Belaustegui, D\u00fao D\u00edaz- Heredia, Mar\u00eda Julia S\u00e1nchez, Claudio Rojas, Vivencias de Cuyo, Giselle Aldeco, Chango Huaque\u00f1o, Los Gajos de Pinono, Yanina Carrizo, Abelino Canto, Los Videla, Ernesto Villavicencio, Gustavo Troncoso, Paola Hascher, Cuarteto Tulum, Ra\u00fal Rizo, Daniel Romero, Santiago Su\u00e1rez, Jonathan Vera, Jorge Pascual Recabarren y el Ballet Nuevo Arte con la direcci\u00f3n de Carlos Illanes y Cecilia Soler.<\/p>\n<p>El festival cuenta con artistas nacionales con la participaci\u00f3n especial de Soledad Pastorutti, Sandra Mihanovich, Juan Carlos Biagletto, Lito Vitale y Quinteto.<\/p>\n<p>&nbsp;<\/p>\n","protected":false},"excerpt":{"rendered":"<p>Los puntos para adquirir las entradas ser\u00e1n en el Costanera Complejo Ferial y Teatro del Bicentenario, de 9 a 19<\/p>\n","protected":false},"author":3,"featured_media":55776,"comment_status":"closed","ping_status":"closed","sticky":false,"template":"","format":"standard","meta":{"_acf_changed":false,"_seopress_robots_primary_cat":"none","_seopress_titles_title":"","_seopress_titles_desc":"","_seopress_robots_index":"","colormag_page_container_layout":"default_layout","colormag_page_sidebar_layout":"default_layout","footnotes":""},"categories":[5],"tags":[],"class_list":["post-55773","post","type-post","status-publish","format-standard","has-post-thumbnail","hentry","category-ofrecimientos"],"acf":[],"_links":{"self":[{"href":"https:\/\/vocesparalelas.com.ar\/sitio\/wp-json\/wp\/v2\/posts\/55773","targetHints":{"allow":["GET"]}}],"collection":[{"href":"https:\/\/vocesparalelas.com.ar\/sitio\/wp-json\/wp\/v2\/posts"}],"about":[{"href":"https:\/\/vocesparalelas.com.ar\/sitio\/wp-json\/wp\/v2\/types\/post"}],"author":[{"embeddable":true,"href":"https:\/\/vocesparalelas.com.ar\/sitio\/wp-json\/wp\/v2\/users\/3"}],"replies":[{"embeddable":true,"href":"https:\/\/vocesparalelas.com.ar\/sitio\/wp-json\/wp\/v2\/comments?post=55773"}],"version-history":[{"count":1,"href":"https:\/\/vocesparalelas.com.ar\/sitio\/wp-json\/wp\/v2\/posts\/55773\/revisions"}],"predecessor-version":[{"id":55777,"href":"https:\/\/vocesparalelas.com.ar\/sitio\/wp-json\/wp\/v2\/posts\/55773\/revisions\/55777"}],"wp:featuredmedia":[{"embeddable":true,"href":"https:\/\/vocesparalelas.com.ar\/sitio\/wp-json\/wp\/v2\/media\/55776"}],"wp:attachment":[{"href":"https:\/\/vocesparalelas.com.ar\/sitio\/wp-json\/wp\/v2\/media?parent=55773"}],"wp:term":[{"taxonomy":"category","embeddable":true,"href":"https:\/\/vocesparalelas.com.ar\/sitio\/wp-json\/wp\/v2\/categories?post=55773"},{"taxonomy":"post_tag","embeddable":true,"href":"https:\/\/vocesparalelas.com.ar\/sitio\/wp-json\/wp\/v2\/tags?post=55773"}],"curies":[{"name":"wp","href":"https:\/\/api.w.org\/{rel}","templated":true}]}}