{"id":55757,"date":"2023-01-12T22:02:43","date_gmt":"2023-01-13T01:02:43","guid":{"rendered":"https:\/\/vocesparalelas.com.ar\/sitio\/?p=55757"},"modified":"2023-01-17T00:39:23","modified_gmt":"2023-01-17T03:39:23","slug":"vacunacion-contra-el-covid-19-en-el-hospital-dr-marcial-quiroga-de-san-juan","status":"publish","type":"post","link":"https:\/\/vocesparalelas.com.ar\/sitio\/vacunacion-contra-el-covid-19-en-el-hospital-dr-marcial-quiroga-de-san-juan\/","title":{"rendered":"Vacunaci\u00f3n contra el COVID-19 en el Hospital Dr. Marcial Quiroga de San Juan"},"content":{"rendered":"<p>El Gobierno de San Juan, a trav\u00e9s del Ministerio de Salud P\u00fablica, incorpor\u00f3 al Hospital Dr. Marcial Quiroga como centro de vacunaci\u00f3n Covid-19 para la poblaci\u00f3n con el objetivo de seguir brindando servicios a la poblaci\u00f3n de San Juan.<\/p>\n<p>Por intermedio del Programa Provincial de Inmunizaciones, el nosocomio de Rivadavia lleva a cabo la vacunaci\u00f3n, de 13 a 19 horas, en el sector de Consultorios Externos, donde se encuentra el vacunatorio.<\/p>\n<p>La recomendaci\u00f3n de los profesionales es vacunarse para lograr la inmunizaci\u00f3n. Si bien la vacuna no evita el contagio, protege contra las secuelas y s\u00edntomas graves que produce la enfermedad.<\/p>\n<p>A su vez, se recuerda que el vacunatorio del Hospital Dr. Marcial Quiroga funciona desde las 7 de la ma\u00f1ana para suministrar cualquier otra vacuna, no Covid- 19 y tambi\u00e9n, se puede completar el calendario correspondiente.<\/p>\n<p><img loading=\"lazy\" decoding=\"async\" class=\"alignnone size-large wp-image-3895\" src=\"https:\/\/vocesparalelas.com.ar\/sitio\/wp-content\/uploads\/2017\/08\/VACUNACION-800x453.jpg\" alt=\"\" width=\"800\" height=\"453\" srcset=\"https:\/\/vocesparalelas.com.ar\/sitio\/wp-content\/uploads\/2017\/08\/VACUNACION-800x453.jpg 800w, https:\/\/vocesparalelas.com.ar\/sitio\/wp-content\/uploads\/2017\/08\/VACUNACION-300x170.jpg 300w, https:\/\/vocesparalelas.com.ar\/sitio\/wp-content\/uploads\/2017\/08\/VACUNACION-768x435.jpg 768w, https:\/\/vocesparalelas.com.ar\/sitio\/wp-content\/uploads\/2017\/08\/VACUNACION.jpg 1024w\" sizes=\"auto, (max-width: 800px) 100vw, 800px\" \/><\/p>\n","protected":false},"excerpt":{"rendered":"<p>El Gobierno de San Juan, a trav\u00e9s del Ministerio de Salud P\u00fablica, incorpor\u00f3 al Hospital Dr. Marcial Quiroga como centro<\/p>\n","protected":false},"author":3,"featured_media":42655,"comment_status":"closed","ping_status":"closed","sticky":false,"template":"","format":"standard","meta":{"_acf_changed":false,"_seopress_robots_primary_cat":"none","_seopress_titles_title":"","_seopress_titles_desc":"","_seopress_robots_index":"","colormag_page_container_layout":"default_layout","colormag_page_sidebar_layout":"default_layout","footnotes":""},"categories":[6],"tags":[],"class_list":["post-55757","post","type-post","status-publish","format-standard","has-post-thumbnail","hentry","category-eventos"],"acf":[],"_links":{"self":[{"href":"https:\/\/vocesparalelas.com.ar\/sitio\/wp-json\/wp\/v2\/posts\/55757","targetHints":{"allow":["GET"]}}],"collection":[{"href":"https:\/\/vocesparalelas.com.ar\/sitio\/wp-json\/wp\/v2\/posts"}],"about":[{"href":"https:\/\/vocesparalelas.com.ar\/sitio\/wp-json\/wp\/v2\/types\/post"}],"author":[{"embeddable":true,"href":"https:\/\/vocesparalelas.com.ar\/sitio\/wp-json\/wp\/v2\/users\/3"}],"replies":[{"embeddable":true,"href":"https:\/\/vocesparalelas.com.ar\/sitio\/wp-json\/wp\/v2\/comments?post=55757"}],"version-history":[{"count":1,"href":"https:\/\/vocesparalelas.com.ar\/sitio\/wp-json\/wp\/v2\/posts\/55757\/revisions"}],"predecessor-version":[{"id":55760,"href":"https:\/\/vocesparalelas.com.ar\/sitio\/wp-json\/wp\/v2\/posts\/55757\/revisions\/55760"}],"wp:featuredmedia":[{"embeddable":true,"href":"https:\/\/vocesparalelas.com.ar\/sitio\/wp-json\/wp\/v2\/media\/42655"}],"wp:attachment":[{"href":"https:\/\/vocesparalelas.com.ar\/sitio\/wp-json\/wp\/v2\/media?parent=55757"}],"wp:term":[{"taxonomy":"category","embeddable":true,"href":"https:\/\/vocesparalelas.com.ar\/sitio\/wp-json\/wp\/v2\/categories?post=55757"},{"taxonomy":"post_tag","embeddable":true,"href":"https:\/\/vocesparalelas.com.ar\/sitio\/wp-json\/wp\/v2\/tags?post=55757"}],"curies":[{"name":"wp","href":"https:\/\/api.w.org\/{rel}","templated":true}]}}