{"id":55746,"date":"2023-01-12T21:37:46","date_gmt":"2023-01-13T00:37:46","guid":{"rendered":"https:\/\/vocesparalelas.com.ar\/sitio\/?p=55746"},"modified":"2023-01-12T21:37:46","modified_gmt":"2023-01-13T00:37:46","slug":"ciclo-nochecitas-en-la-difunta-correa-con-sabores-y-musica","status":"publish","type":"post","link":"https:\/\/vocesparalelas.com.ar\/sitio\/ciclo-nochecitas-en-la-difunta-correa-con-sabores-y-musica\/","title":{"rendered":"Ciclo Nochecitas en la Difunta Correa con sabores y m\u00fasica"},"content":{"rendered":"<p>Con el objetivo de crear un nuevo producto tur\u00edstico que atraiga a visitantes durante las noches de verano, el 14 de Enero de 2023, desde las 22 hs., en el paraje de la Difunta Correa, comienza el Ciclo Nochecitas en la Difunta: Sabores y m\u00fasica.<\/p>\n<p>Concebida con un formato de pe\u00f1a, la actividad se desarrolla en los tres restaurantes con que cuenta el paraje, donde se puede degustar comidas t\u00edpicas, con opciones vegetarianas y sin TACC y los mejores vinos de San Juan.<\/p>\n<p>Adem\u00e1s, los asistentes pueden disfrutar de la m\u00fasica y la danza a cargo de artistas de Vallecito.<\/p>\n<p>Generada en conjunto por la Fundaci\u00f3n Difunta Correa y los propietarios de los locales gastron\u00f3micos, esta iniciativa busca promover una mayor afluencia de visitantes durante la noche, cuando la temperatura en el paraje se vuelve m\u00e1s agradable, adem\u00e1s de fomentar el desarrollo cultural de artistas que posee Vallecito.<\/p>\n<p><span style=\"color: #339966;\"><strong>Cronograma<\/strong><\/span><\/p>\n<ul>\n<li>14 de Enero: La Hoster\u00eda, a las 22, con la presentaci\u00f3n de Las Voces de Vallecito y La Academia de Danza de la Agrupaci\u00f3n Gaucha Difunta Correa.<\/li>\n<li>21 de Enero: El Algarrobo, desde las 22, con artistas a designar.<\/li>\n<li>28 de Enero: La Caba\u00f1a, desde las 22, con artistas a designar.<\/li>\n<\/ul>\n<p><a href=\"https:\/\/www.youtube.com\/shorts\/FMom8vLGEiA\">https:\/\/www.youtube.com\/shorts\/FMom8vLGEiA<\/a><\/p>\n<p>&nbsp;<\/p>\n","protected":false},"excerpt":{"rendered":"<p>Con el objetivo de crear un nuevo producto tur\u00edstico que atraiga a visitantes durante las noches de verano, el 14<\/p>\n","protected":false},"author":3,"featured_media":55750,"comment_status":"closed","ping_status":"closed","sticky":false,"template":"","format":"video","meta":{"_acf_changed":false,"_seopress_robots_primary_cat":"none","_seopress_titles_title":"","_seopress_titles_desc":"","_seopress_robots_index":"","colormag_page_container_layout":"default_layout","colormag_page_sidebar_layout":"default_layout","footnotes":""},"categories":[1,7],"tags":[],"class_list":["post-55746","post","type-post","status-publish","format-video","has-post-thumbnail","hentry","category-destacadas","category-videos","post_format-post-format-video"],"acf":[],"_links":{"self":[{"href":"https:\/\/vocesparalelas.com.ar\/sitio\/wp-json\/wp\/v2\/posts\/55746","targetHints":{"allow":["GET"]}}],"collection":[{"href":"https:\/\/vocesparalelas.com.ar\/sitio\/wp-json\/wp\/v2\/posts"}],"about":[{"href":"https:\/\/vocesparalelas.com.ar\/sitio\/wp-json\/wp\/v2\/types\/post"}],"author":[{"embeddable":true,"href":"https:\/\/vocesparalelas.com.ar\/sitio\/wp-json\/wp\/v2\/users\/3"}],"replies":[{"embeddable":true,"href":"https:\/\/vocesparalelas.com.ar\/sitio\/wp-json\/wp\/v2\/comments?post=55746"}],"version-history":[{"count":1,"href":"https:\/\/vocesparalelas.com.ar\/sitio\/wp-json\/wp\/v2\/posts\/55746\/revisions"}],"predecessor-version":[{"id":55751,"href":"https:\/\/vocesparalelas.com.ar\/sitio\/wp-json\/wp\/v2\/posts\/55746\/revisions\/55751"}],"wp:featuredmedia":[{"embeddable":true,"href":"https:\/\/vocesparalelas.com.ar\/sitio\/wp-json\/wp\/v2\/media\/55750"}],"wp:attachment":[{"href":"https:\/\/vocesparalelas.com.ar\/sitio\/wp-json\/wp\/v2\/media?parent=55746"}],"wp:term":[{"taxonomy":"category","embeddable":true,"href":"https:\/\/vocesparalelas.com.ar\/sitio\/wp-json\/wp\/v2\/categories?post=55746"},{"taxonomy":"post_tag","embeddable":true,"href":"https:\/\/vocesparalelas.com.ar\/sitio\/wp-json\/wp\/v2\/tags?post=55746"}],"curies":[{"name":"wp","href":"https:\/\/api.w.org\/{rel}","templated":true}]}}