{"id":55724,"date":"2023-01-09T19:47:18","date_gmt":"2023-01-09T22:47:18","guid":{"rendered":"https:\/\/vocesparalelas.com.ar\/sitio\/?p=55724"},"modified":"2023-01-09T22:18:44","modified_gmt":"2023-01-10T01:18:44","slug":"venta-de-entradas-para-independiente-everton-en-san-juan","status":"publish","type":"post","link":"https:\/\/vocesparalelas.com.ar\/sitio\/venta-de-entradas-para-independiente-everton-en-san-juan\/","title":{"rendered":"Venta de entradas para Independiente &#8211; Everton en San Juan"},"content":{"rendered":"<p>Contin\u00faa la acci\u00f3n en el triangular de verano que se est\u00e1 desarrollando en nuestra provincia. El primer encuentro enfrent\u00f3 a Boca e Independiente y termin\u00f3 igualado en 0 el s\u00e1bado pasado.<\/p>\n<p>Ahora, es el turno de que el Rojo de Avellaneda enfrente al Everton de Chile el 11 de Enero, a partir de las 21:30 hs en el Estadio San Juan del Bicentenario.<\/p>\n<p>Para adquirir los tickets, aquellos que deseen hacerlo desde la parcialidad de Independiente, deber\u00e1n acercarse a las boleter\u00edas de Hugo Espect\u00e1culos en horario de 11 a 19 hs, desde hoy lunes 9 de enero. Mientras que para aquellas personas que simpatizan por el conjunto chileno, las entradas se vender\u00e1n en el Espacio San Juan Shopping Center, desde ma\u00f1ana 10 al 13 de enero en horarios de 10 a 13 hs y de 17 a 19 hs.<\/p>\n<p>Adem\u00e1s de la venta presencial en los distintos puntos ya mencionados, las entradas para este encuentro se pueden adquirir de manera on-line a trav\u00e9s del sitio Autoentrada en el siguiente enlace:\u00a0Entradas On-line<\/p>\n<p><a href=\"https:\/\/ventas.autoentrada.com\/t\/deporte\">https:\/\/ventas.autoentrada.com\/t\/deporte<\/a><\/p>\n<p><strong><span style=\"color: #339966;\">Los valores de los ticket<\/span>s<\/strong><\/p>\n<p>\u2022 Popular norte (Independiente): $1.000<br \/>\n\u2022 Platea este (Independiente): $1.500<br \/>\n\u2022 Platea oeste alta (independiente): $2.000<br \/>\n\u2022 Platea oeste baja norte (Independiente): $2.500<br \/>\n\u2022 Platea central (Independiente): $3.000<br \/>\n\u2022 Platea oeste baja sur (Everton): $2.500<\/p>\n","protected":false},"excerpt":{"rendered":"<p>Contin\u00faa la acci\u00f3n en el triangular de verano que se est\u00e1 desarrollando en nuestra provincia. El primer encuentro enfrent\u00f3 a<\/p>\n","protected":false},"author":3,"featured_media":43769,"comment_status":"closed","ping_status":"closed","sticky":false,"template":"","format":"standard","meta":{"_acf_changed":false,"_seopress_robots_primary_cat":"none","_seopress_titles_title":"","_seopress_titles_desc":"","_seopress_robots_index":"","colormag_page_container_layout":"default_layout","colormag_page_sidebar_layout":"default_layout","footnotes":""},"categories":[1],"tags":[],"class_list":["post-55724","post","type-post","status-publish","format-standard","has-post-thumbnail","hentry","category-destacadas"],"acf":[],"_links":{"self":[{"href":"https:\/\/vocesparalelas.com.ar\/sitio\/wp-json\/wp\/v2\/posts\/55724","targetHints":{"allow":["GET"]}}],"collection":[{"href":"https:\/\/vocesparalelas.com.ar\/sitio\/wp-json\/wp\/v2\/posts"}],"about":[{"href":"https:\/\/vocesparalelas.com.ar\/sitio\/wp-json\/wp\/v2\/types\/post"}],"author":[{"embeddable":true,"href":"https:\/\/vocesparalelas.com.ar\/sitio\/wp-json\/wp\/v2\/users\/3"}],"replies":[{"embeddable":true,"href":"https:\/\/vocesparalelas.com.ar\/sitio\/wp-json\/wp\/v2\/comments?post=55724"}],"version-history":[{"count":1,"href":"https:\/\/vocesparalelas.com.ar\/sitio\/wp-json\/wp\/v2\/posts\/55724\/revisions"}],"predecessor-version":[{"id":55727,"href":"https:\/\/vocesparalelas.com.ar\/sitio\/wp-json\/wp\/v2\/posts\/55724\/revisions\/55727"}],"wp:featuredmedia":[{"embeddable":true,"href":"https:\/\/vocesparalelas.com.ar\/sitio\/wp-json\/wp\/v2\/media\/43769"}],"wp:attachment":[{"href":"https:\/\/vocesparalelas.com.ar\/sitio\/wp-json\/wp\/v2\/media?parent=55724"}],"wp:term":[{"taxonomy":"category","embeddable":true,"href":"https:\/\/vocesparalelas.com.ar\/sitio\/wp-json\/wp\/v2\/categories?post=55724"},{"taxonomy":"post_tag","embeddable":true,"href":"https:\/\/vocesparalelas.com.ar\/sitio\/wp-json\/wp\/v2\/tags?post=55724"}],"curies":[{"name":"wp","href":"https:\/\/api.w.org\/{rel}","templated":true}]}}