{"id":55703,"date":"2023-01-07T20:45:04","date_gmt":"2023-01-07T23:45:04","guid":{"rendered":"https:\/\/vocesparalelas.com.ar\/sitio\/?p=55703"},"modified":"2023-01-13T00:39:40","modified_gmt":"2023-01-13T03:39:40","slug":"actividades-que-fortalecen-la-cultura-de-san-juan-en-el-conte-grand-2022","status":"publish","type":"post","link":"https:\/\/vocesparalelas.com.ar\/sitio\/actividades-que-fortalecen-la-cultura-de-san-juan-en-el-conte-grand-2022\/","title":{"rendered":"Actividades que fortalecen la cultura de San Juan en el Conte Grand 2022"},"content":{"rendered":"<p>El Centro Cultural Conte Grand, dependiente del Ministerio de Turismo y Cultura del Gobierno de San Juan, tuvo un gran 2022 con destacadas y variadas propuestas art\u00edsticas y culturales de todo tipo a lo largo del el a\u00f1o.<\/p>\n<p>Una de ellas, fue la realizaci\u00f3n del primer Festival por la Visibilidad Trans\u00a0en marco del D\u00eda Internacional por la Visibilidad de las Personas Trans. Las ONG, en conjunto con el CCCG, reconocieron a las personas que luchan por una mayor visibilidad de este colectivo en la provincia.<\/p>\n<p>Tambi\u00e9n, hubo participaci\u00f3n del 7\u00ba Encuentro de la Red Federal de Turismo LGBTIQ+ Internacional\u00a0en vinculaci\u00f3n con los espacios culturales.<\/p>\n<p>Otro punto alto del 2022, fue la 13\u00ba Edici\u00f3n de la Semana de la Diversidad, en donde el Conte Grand recibi\u00f3 el reconocimiento por el trabajo en la visibilizaci\u00f3n de la comunidad LGBTIQ+ en la provincia. Esto debido a que gener\u00f3 un espacio inclusivo, diverso y con perspectiva de g\u00e9nero.<\/p>\n<p>En cuanto a los\u00a0LAG E-Sports, la propuesta fue celebrar en el espacio la primer Semana del Gamer en San Juan realizando torneos que fueron online pero tambi\u00e9n presenciales en el Conte. All\u00ed participaron cosplayers, feriantes y arcades.<\/p>\n<p>Por otro lado,\u00a0Preludio Medallo 9PM\u00a0fue la primera performance multimedial interactiva producida en el Centro Cultural. La propuesta en este caso fue conseguir crear un universo sonoro y audiovisual a partir del Working Progress de la obra pict\u00f3rica del artista Camilo G\u00f3mez.<\/p>\n<p>El aniversario del Conte fue celebrado con\u00a0El Conte No Duerme, un evento de horario extendido en donde el disparador fue conseguir crear una obra colectiva para pensar futuros universos.<\/p>\n<p>Sin dudas,\u00a0el evento que m\u00e1s cantidad de p\u00fablico convoc\u00f3 en el 2022 fue Expo Anim\u00e9, ya que logr\u00f3 gestar un nuevo punto de encuentro para las comunidades frikis, otakus, cosplayers, kpoperas, y gamers de toda la provincia.<\/p>\n<p>En cuanto a la Semana de las Infancias, fue enmarcada dentro del\u00a0Yo Juego &#8211; Edici\u00f3n Rock, una celebraci\u00f3n con participaci\u00f3n de las bandas locales m\u00e1s j\u00f3venes de la provincia.<\/p>\n<p>Otra de las actividades debutantes del a\u00f1o, fue la primera edici\u00f3n de la Oeste Expo Tattoo, que reuni\u00f3 a tatuadores profesionales y aficionados para disfrutar de toda la pasi\u00f3n del arte del tatuaje.<\/p>\n<p>Un tema muy debatido en 2022 fue la\u00a0salud mental y el bienestar social. El CCCG trat\u00f3 esta problem\u00e1tica mediante espacios culturales con j\u00f3venes que circulan el espacio y escuelas secundarias de la provincia. El encargado de impartir estas charlas debate fue Federico Canovas.<\/p>\n<p>Respecto a la\u00a0Semana Nacional del Tango, se conmemor\u00f3 con muestras, clases abiertas y una mini feria tem\u00e1tica.<\/p>\n<p>Finalmente, el a\u00f1o concluy\u00f3 con la\u00a07\u00ba Feria San Juan Dise\u00f1a, que se realiz\u00f3 unos d\u00edas antes de los festejos de fin de a\u00f1o y consigui\u00f3 una gran convocatoria.<\/p>\n<p>En resumen, los n\u00fameros de la Temporada 2022 del Centro Cultural Conte Grand arrojaron 20.500 visitantes, con m\u00e1s de 60 producciones, co-producciones y muestras, m\u00e1s de 600 participantes en talleres de formaci\u00f3n, 500.000 visualizaciones en redes sociales y m\u00e1s de 40 disciplinas en escena.<\/p>\n<p>Sin dudas, en 2022, el Centro Cultural Conte Grand logr\u00f3 mantener firmes conceptos como comunidad,<br \/>\ndiversidad, feminismo, inclusi\u00f3n y sustentabilidad, pilares base en el desarrollo de sus actividades.<\/p>\n","protected":false},"excerpt":{"rendered":"<p>El Centro Cultural Conte Grand, dependiente del Ministerio de Turismo y Cultura del Gobierno de San Juan, tuvo un gran<\/p>\n","protected":false},"author":3,"featured_media":22523,"comment_status":"closed","ping_status":"closed","sticky":false,"template":"","format":"standard","meta":{"_acf_changed":false,"_seopress_robots_primary_cat":"none","_seopress_titles_title":"","_seopress_titles_desc":"","_seopress_robots_index":"","colormag_page_container_layout":"default_layout","colormag_page_sidebar_layout":"default_layout","footnotes":""},"categories":[20],"tags":[],"class_list":["post-55703","post","type-post","status-publish","format-standard","has-post-thumbnail","hentry","category-cartelera"],"acf":[],"_links":{"self":[{"href":"https:\/\/vocesparalelas.com.ar\/sitio\/wp-json\/wp\/v2\/posts\/55703","targetHints":{"allow":["GET"]}}],"collection":[{"href":"https:\/\/vocesparalelas.com.ar\/sitio\/wp-json\/wp\/v2\/posts"}],"about":[{"href":"https:\/\/vocesparalelas.com.ar\/sitio\/wp-json\/wp\/v2\/types\/post"}],"author":[{"embeddable":true,"href":"https:\/\/vocesparalelas.com.ar\/sitio\/wp-json\/wp\/v2\/users\/3"}],"replies":[{"embeddable":true,"href":"https:\/\/vocesparalelas.com.ar\/sitio\/wp-json\/wp\/v2\/comments?post=55703"}],"version-history":[{"count":1,"href":"https:\/\/vocesparalelas.com.ar\/sitio\/wp-json\/wp\/v2\/posts\/55703\/revisions"}],"predecessor-version":[{"id":55706,"href":"https:\/\/vocesparalelas.com.ar\/sitio\/wp-json\/wp\/v2\/posts\/55703\/revisions\/55706"}],"wp:featuredmedia":[{"embeddable":true,"href":"https:\/\/vocesparalelas.com.ar\/sitio\/wp-json\/wp\/v2\/media\/22523"}],"wp:attachment":[{"href":"https:\/\/vocesparalelas.com.ar\/sitio\/wp-json\/wp\/v2\/media?parent=55703"}],"wp:term":[{"taxonomy":"category","embeddable":true,"href":"https:\/\/vocesparalelas.com.ar\/sitio\/wp-json\/wp\/v2\/categories?post=55703"},{"taxonomy":"post_tag","embeddable":true,"href":"https:\/\/vocesparalelas.com.ar\/sitio\/wp-json\/wp\/v2\/tags?post=55703"}],"curies":[{"name":"wp","href":"https:\/\/api.w.org\/{rel}","templated":true}]}}