{"id":55681,"date":"2023-01-06T17:07:50","date_gmt":"2023-01-06T20:07:50","guid":{"rendered":"https:\/\/vocesparalelas.com.ar\/sitio\/?p=55681"},"modified":"2023-01-13T00:40:17","modified_gmt":"2023-01-13T03:40:17","slug":"atencion-san-juan-caso-sospechoso-de-covid-19","status":"publish","type":"post","link":"https:\/\/vocesparalelas.com.ar\/sitio\/atencion-san-juan-caso-sospechoso-de-covid-19\/","title":{"rendered":"Atenci\u00f3n San Juan caso sospechoso de COVID-19"},"content":{"rendered":"<p>El evento de COVID-19 puede tener s\u00edntomas parecidos a la gripe u otras infecciones propias del invierno, a continuaci\u00f3n, se detallan los mismos:<\/p>\n<p><strong><span style=\"color: #ff0000;\">\u00bfTienes dos o m\u00e1s de los siguientes s\u00edntomas?<\/span><\/strong><\/p>\n<ul>\n<li>fiebre (37,5\u00b0C o m\u00e1s),<\/li>\n<li>tos,<\/li>\n<li>dolor de garganta,<\/li>\n<li>dificultad para respirar,<\/li>\n<li>dolor de cabeza,<\/li>\n<li>dolor muscular,<\/li>\n<li>diarrea o v\u00f3mitos,<\/li>\n<li>rinitis o congesti\u00f3n nasal.<\/li>\n<\/ul>\n<p><strong><span style=\"color: #ff0000;\">Priorizaci\u00f3n Diagn\u00f3stica<\/span><\/strong><\/p>\n<p><strong><span style=\"color: #ff0000;\">Se priorizar\u00e1 el diagn\u00f3stico etiol\u00f3gico de COVID-19 en personas con enfermedad <\/span><\/strong><br \/>\n<strong><span style=\"color: #ff0000;\">respiratoria que pertenezcan a los siguientes grupos:<\/span><\/strong><\/p>\n<ul>\n<li>Personas mayores de 50 a\u00f1os y con condiciones de riesgo.<\/li>\n<li>Poblaciones especiales: Personas que residan, trabajen o asistan a \u00e1mbitos que por las caracter\u00edsticas propias presentan mayor riesgo de transmisi\u00f3n o generaci\u00f3n de brotes (instituciones carcelarias, instituciones de salud, centros con personas institucionalizadas, personas que trabajen o presten cuidado a personas vulnerables).<\/li>\n<li>Personas con antecedente de viaje en \u00faltimos 14 d\u00edas en una regi\u00f3n en la que est\u00e9 circulando una variante de inter\u00e9s o de preocupaci\u00f3n que no est\u00e9n circulando en el pa\u00eds.<\/li>\n<li>Personas con enfermedad grave (internados), o fallecidos y casos inusitados.<\/li>\n<\/ul>\n<p><strong><span style=\"color: #ff0000;\">Medidas de aislamiento y cuarentena<\/span><\/strong><\/p>\n<ul>\n<li>Deber\u00e1n aislarse 5 d\u00edas y 5 d\u00edas m\u00e1s deber\u00e1n extremar las medidas de prevenci\u00f3n<\/li>\n<li>deber\u00e1n evitar el contacto con personas vulnerables.<\/li>\n<li>no deber\u00e1n acudir a actividades laborales, educativas o lugares p\u00fablicos durante el periodo sintom\u00e1tico agudo o durante 5 d\u00edas desde la fecha del diagn\u00f3stico para los casos confirmados de COVID-19 asintom\u00e1ticos.<\/li>\n<li>Casos confirmados en pacientes internados: se seguir\u00e1 con el aislamiento respiratorio de acuerdo con las normativas vigentes.<\/li>\n<li>Casos confirmados que integren poblaciones especiales (instituciones carcelarias, instituciones de salud, centros con personas institucionalizadas, personas que trabajen o presten cuidado a personas vulnerables):<\/li>\n<li>A los trabajadores de estas instituciones, se les indicar\u00e1: NO acudir a su \u00e1mbito laboral durante 5 d\u00edas desde la fecha de inicio de s\u00edntomas o de diagn\u00f3stico en casos asintom\u00e1ticos, pudiendo regresar con mejor\u00eda cl\u00ednica de por lo menos 24 horas.<\/li>\n<li>Extremar cuidados durante 10 d\u00edas (uso adecuado y permanente de barbijo ventilaci\u00f3n adecuada de ambientes, lavado de manos e higiene respiratoria).<\/li>\n<\/ul>\n<p><strong><span style=\"color: #ff0000;\">Trabajadores con resultados positivos<\/span><\/strong><\/p>\n<ul>\n<li>NO acudir a su \u00e1mbito laboral durante 5 d\u00edas desde la fecha de inicio de s\u00edntomas o de diagn\u00f3stico, pudiendo regresar despu\u00e9s de 24hs con mejor\u00eda cl\u00ednica.<\/li>\n<li>Extremar cuidados durante 10 d\u00edas (uso adecuado y permanente de barbijo; ventilaci\u00f3n<br \/>\nadecuada de ambientes; lavado de manos e higiene respiratoria).<\/li>\n<\/ul>\n<p><span style=\"color: #ff0000;\"><strong>Contactos estrechos sin s\u00edntomas<\/strong><\/span><\/p>\n<ul>\n<li>No ser\u00e1 necesario que se a\u00edsle.<\/li>\n<li>Extremar las medidas de prevenci\u00f3n durante 10 d\u00edas: uso de manera permanente el barbijo ajustado a la cara y cubriendo nariz, boca y ment\u00f3n; ventilaci\u00f3n adecuada de ambientes; lavarse frecuentemente las manos y toser sobre el pliegue del codo.<\/li>\n<li>Evite el contacto con personas que tengan condiciones de riesgo<\/li>\n<\/ul>\n","protected":false},"excerpt":{"rendered":"<p>El evento de COVID-19 puede tener s\u00edntomas parecidos a la gripe u otras infecciones propias del invierno, a continuaci\u00f3n, se<\/p>\n","protected":false},"author":3,"featured_media":55684,"comment_status":"closed","ping_status":"closed","sticky":false,"template":"","format":"standard","meta":{"_acf_changed":false,"_seopress_robots_primary_cat":"none","_seopress_titles_title":"","_seopress_titles_desc":"","_seopress_robots_index":"","colormag_page_container_layout":"default_layout","colormag_page_sidebar_layout":"default_layout","footnotes":""},"categories":[6],"tags":[],"class_list":["post-55681","post","type-post","status-publish","format-standard","has-post-thumbnail","hentry","category-eventos"],"acf":[],"_links":{"self":[{"href":"https:\/\/vocesparalelas.com.ar\/sitio\/wp-json\/wp\/v2\/posts\/55681","targetHints":{"allow":["GET"]}}],"collection":[{"href":"https:\/\/vocesparalelas.com.ar\/sitio\/wp-json\/wp\/v2\/posts"}],"about":[{"href":"https:\/\/vocesparalelas.com.ar\/sitio\/wp-json\/wp\/v2\/types\/post"}],"author":[{"embeddable":true,"href":"https:\/\/vocesparalelas.com.ar\/sitio\/wp-json\/wp\/v2\/users\/3"}],"replies":[{"embeddable":true,"href":"https:\/\/vocesparalelas.com.ar\/sitio\/wp-json\/wp\/v2\/comments?post=55681"}],"version-history":[{"count":1,"href":"https:\/\/vocesparalelas.com.ar\/sitio\/wp-json\/wp\/v2\/posts\/55681\/revisions"}],"predecessor-version":[{"id":55685,"href":"https:\/\/vocesparalelas.com.ar\/sitio\/wp-json\/wp\/v2\/posts\/55681\/revisions\/55685"}],"wp:featuredmedia":[{"embeddable":true,"href":"https:\/\/vocesparalelas.com.ar\/sitio\/wp-json\/wp\/v2\/media\/55684"}],"wp:attachment":[{"href":"https:\/\/vocesparalelas.com.ar\/sitio\/wp-json\/wp\/v2\/media?parent=55681"}],"wp:term":[{"taxonomy":"category","embeddable":true,"href":"https:\/\/vocesparalelas.com.ar\/sitio\/wp-json\/wp\/v2\/categories?post=55681"},{"taxonomy":"post_tag","embeddable":true,"href":"https:\/\/vocesparalelas.com.ar\/sitio\/wp-json\/wp\/v2\/tags?post=55681"}],"curies":[{"name":"wp","href":"https:\/\/api.w.org\/{rel}","templated":true}]}}