{"id":55653,"date":"2023-01-05T20:04:39","date_gmt":"2023-01-05T23:04:39","guid":{"rendered":"https:\/\/vocesparalelas.com.ar\/sitio\/?p=55653"},"modified":"2023-01-10T18:55:20","modified_gmt":"2023-01-10T21:55:20","slug":"convocatoria-para-los-gastronomicos-participen-en-la-fns-2023","status":"publish","type":"post","link":"https:\/\/vocesparalelas.com.ar\/sitio\/convocatoria-para-los-gastronomicos-participen-en-la-fns-2023\/","title":{"rendered":"Convocatoria para los gastron\u00f3micos participen en la FNS 2023"},"content":{"rendered":"<p>Se viene una nueva edici\u00f3n de la Fiesta Nacional del Sol y, en este marco,\u00a0qued\u00f3 habilitada la convocatoria abierta al sector gastron\u00f3mico para ser parte de una gran experiencia en la Feria Tem\u00e1tica que se desarrolla desde el 21 hasta el 25 de Febrero de 2023, e la Provincia de San Juan, Rep\u00fablica Argentina.<\/p>\n<p>Para eso, los aspirantes tienen que completar una solicitud online a partir del 18 de Enero de 2023 en<\/p>\n<p><a href=\"http:\/\/www.fiestanacionaldelsol.com\">http:\/\/www.fiestanacionaldelsol.com<\/a><\/p>\n<p>Una vez finalizada la convocatoria, las propuestas ser\u00e1n evaluadas y, posteriormente, desde el Ministerio de Turismo y Cultura del Gobierno de San Juan, se informa a los expositores seleccionados v\u00eda correo electr\u00f3nico.<\/p>\n<p>Es importante que\u00a0los gastron\u00f3micos que apliquen a inscripci\u00f3n, tendr\u00e1n que adaptar sus propuestas en torno a las acciones basadas en la sustentabilidad que caracteriza a la FNS. Por esta raz\u00f3n, que solicita a los expositores evitar el uso de volantes, panfletos y cualquier elemento que genere contaminaci\u00f3n o implique el uso de papel para promocionarse.<\/p>\n<p>Como alternativa, se promueve el uso de QR, adem\u00e1s de utilizar vajilla de materiales reciclables.<\/p>\n<p>&nbsp;<\/p>\n","protected":false},"excerpt":{"rendered":"<p>Se viene una nueva edici\u00f3n de la Fiesta Nacional del Sol y, en este marco,\u00a0qued\u00f3 habilitada la convocatoria abierta al<\/p>\n","protected":false},"author":3,"featured_media":55656,"comment_status":"closed","ping_status":"closed","sticky":false,"template":"","format":"standard","meta":{"_acf_changed":false,"_seopress_robots_primary_cat":"none","_seopress_titles_title":"","_seopress_titles_desc":"","_seopress_robots_index":"","colormag_page_container_layout":"default_layout","colormag_page_sidebar_layout":"default_layout","footnotes":""},"categories":[2],"tags":[],"class_list":["post-55653","post","type-post","status-publish","format-standard","has-post-thumbnail","hentry","category-convocatorias"],"acf":[],"_links":{"self":[{"href":"https:\/\/vocesparalelas.com.ar\/sitio\/wp-json\/wp\/v2\/posts\/55653","targetHints":{"allow":["GET"]}}],"collection":[{"href":"https:\/\/vocesparalelas.com.ar\/sitio\/wp-json\/wp\/v2\/posts"}],"about":[{"href":"https:\/\/vocesparalelas.com.ar\/sitio\/wp-json\/wp\/v2\/types\/post"}],"author":[{"embeddable":true,"href":"https:\/\/vocesparalelas.com.ar\/sitio\/wp-json\/wp\/v2\/users\/3"}],"replies":[{"embeddable":true,"href":"https:\/\/vocesparalelas.com.ar\/sitio\/wp-json\/wp\/v2\/comments?post=55653"}],"version-history":[{"count":2,"href":"https:\/\/vocesparalelas.com.ar\/sitio\/wp-json\/wp\/v2\/posts\/55653\/revisions"}],"predecessor-version":[{"id":55661,"href":"https:\/\/vocesparalelas.com.ar\/sitio\/wp-json\/wp\/v2\/posts\/55653\/revisions\/55661"}],"wp:featuredmedia":[{"embeddable":true,"href":"https:\/\/vocesparalelas.com.ar\/sitio\/wp-json\/wp\/v2\/media\/55656"}],"wp:attachment":[{"href":"https:\/\/vocesparalelas.com.ar\/sitio\/wp-json\/wp\/v2\/media?parent=55653"}],"wp:term":[{"taxonomy":"category","embeddable":true,"href":"https:\/\/vocesparalelas.com.ar\/sitio\/wp-json\/wp\/v2\/categories?post=55653"},{"taxonomy":"post_tag","embeddable":true,"href":"https:\/\/vocesparalelas.com.ar\/sitio\/wp-json\/wp\/v2\/tags?post=55653"}],"curies":[{"name":"wp","href":"https:\/\/api.w.org\/{rel}","templated":true}]}}