{"id":55567,"date":"2023-01-02T21:26:57","date_gmt":"2023-01-03T00:26:57","guid":{"rendered":"https:\/\/vocesparalelas.com.ar\/sitio\/?p=55567"},"modified":"2023-01-06T00:50:57","modified_gmt":"2023-01-06T03:50:57","slug":"57o-edicion-del-festival-de-jesus-maria-y-san-juan-presente","status":"publish","type":"post","link":"https:\/\/vocesparalelas.com.ar\/sitio\/57o-edicion-del-festival-de-jesus-maria-y-san-juan-presente\/","title":{"rendered":"57\u00ba edici\u00f3n del Festival de Jes\u00fas Mar\u00eda y San Juan presente"},"content":{"rendered":"<p>El gobernador de San Juan, Dr. Sergio U\u00f1ac asisti\u00f3 a la presentaci\u00f3n de la delegaci\u00f3n de San Juan que compite en la 57\u00ba edici\u00f3n del Festival de Doma y Folclore de Jes\u00fas Mar\u00eda, Provincia de C\u00f3rdoba, Rep\u00fablica Argentina.<\/p>\n<p>El acto se realiz\u00f3 en la Casa del Gaucho, en el Departamento Santa Luc\u00eda, donde el mandatario, acompa\u00f1ado por los ministros de Gobierno, Dr. Alberto Hensel y de Turismo y Cultura, Lic. Claudia Grynszpan fue recibido por las autoridades de la Federaci\u00f3n Gaucha Sanjuanina presidida por su presidente, Sergio Gonz\u00e1lez.<\/p>\n<p>Tras dos a\u00f1os de ausencia, el equipo integrado por los jinetes<\/p>\n<ul>\n<li>Agust\u00edn Romero (gurupa),<\/li>\n<li>Kevin Godoy (bastos con encimera) y<\/li>\n<li>Mart\u00edn Castro (crina limpia)<\/li>\n<\/ul>\n<p>Ellos compiten en el mayor evento tradicionalista y de destreza criolla de Argentina. Adem\u00e1s de los competidores nacionales, participan representantes de Chile, Paraguay, Brasil y Uruguay.<\/p>\n<p>En el comienzo, el Dr. Sergio U\u00f1ac se refiri\u00f3 a la importancia de continuar promocionando la cultura y se\u00f1al\u00f3 que \u201cSan Juan tiene el objetivo de trabajar en conjunto, en cualquier sector para continuar posicionando a la provincia ac\u00e1 y en el resto del pa\u00eds\u00bb.<\/p>\n<div class=\"itemFullText\">\n<p>\u00abEl Estado tiene la obligaci\u00f3n de promover esta actividad, pero no podr\u00eda lograrlo sin la participaci\u00f3n de todos. En San Juan hay un equipo que trabaja codo a codo con el Gobierno\u201d, termin\u00f3 el primer mandatario, quien dese\u00f3 \u00e9xitos en el 2023.<\/p>\n<p>Luego, el Dr. Alberto Hensel\u00a0hizo hincapi\u00e9 en el trabajo conjunto de los ministerios, en esta ocasi\u00f3n con el objetivo de \u201cmantener vivas nuestras tradiciones\u00bb, y parafraseando a Ernesto Villavicencio, asever\u00f3 que \u00abla cultura gaucha no morir\u00e1 jam\u00e1s\u201d.<\/p>\n<p>Seguidamente, la Lic. Claudia Grynszpan consider\u00f3 que si bien \u00abSan Juan es una provincia moderna, innovadora, est\u00e1 decidida a conservar sus tradiciones. El acompa\u00f1amiento de la delegaci\u00f3n es una decisi\u00f3n pol\u00edtica, porque la cultura es pol\u00edtica de Estado en San Juan\u00bb.<\/p>\n<p>Adem\u00e1s valor\u00f3 la capacidad de la delegaci\u00f3n sanjuanina, remarcando que \u00ablos federados practican desde muy chiquitos, con mucha pasi\u00f3n y empe\u00f1o\u201d.<\/p>\n<p>Para finalizar, Sergio Gonz\u00e1lez dese\u00f3 suerte a la comitiva local estar\u00e1 integrada por cuatro compuesta por cuatro jinetes, tres titulares y un suplente y se despidi\u00f3 agradeciendo la gesti\u00f3n del gobernador y los ministros.<\/p>\n<p><span style=\"color: #0000ff;\"><strong>Sobre el festival<\/strong><\/span><\/p>\n<p>Comienza el 6 y finaliza el 16 de Enero de 2023, en el Anfiteatro Jos\u00e9 Hern\u00e1ndez,\u00a0 Jes\u00fas Mar\u00eda de la Provincia de C\u00f3rdoba, Rep\u00fablica Argentina.<\/p>\n<p><strong><span style=\"color: #0000ff;\">Grilla de artistas<\/span><\/strong><\/p>\n<ul>\n<li>Viernes 6 de Enero, Abel Pintos<\/li>\n<li>S\u00e1bado, 7 de Enero, Soledad Pastorutti<\/li>\n<li>S\u00e1bado, 7 de Enero, Los Nocheros<\/li>\n<li>domingo 8 de Enero, Ahyre<\/li>\n<li>lunes 9 de Enero, Los Tekis<\/li>\n<li>Viernes, 13 de Enero, Chaque\u00f1o Palavecino<\/li>\n<li>Viernes, 13 de Enero, Los Cuatro de C\u00f3rdoba<\/li>\n<li>S\u00e1bado, 14 de Enero, Jorge Rojas<\/li>\n<li>Domingo, 15 de Enero, Los Palmeras<\/li>\n<li>Domingo 15 de Enero, Emilia Mernes<\/li>\n<li>y muchos m\u00e1s.<\/li>\n<\/ul>\n<p>Es televisado en el primetime por TV P\u00fablica y por YouTube.<\/p>\n<p><iframe loading=\"lazy\" title=\"La Federaci\u00f3n Gaucha Sanjuanina present\u00f3 los jinetes que participar\u00e1n en el Festival de Jes\u00fas Mar\u00eda\" width=\"800\" height=\"450\" src=\"https:\/\/www.youtube.com\/embed\/xBTajedKlfo?feature=oembed\" frameborder=\"0\" allow=\"accelerometer; autoplay; clipboard-write; encrypted-media; gyroscope; picture-in-picture; web-share\" allowfullscreen><\/iframe><\/p>\n<\/div>\n<div class=\"clr\">Publicado el Lunes, 02 de Enero de 2023<\/div>\n<p>&nbsp;<\/p>\n","protected":false},"excerpt":{"rendered":"<p>El gobernador de San Juan, Dr. Sergio U\u00f1ac asisti\u00f3 a la presentaci\u00f3n de la delegaci\u00f3n de San Juan que compite<\/p>\n","protected":false},"author":3,"featured_media":55570,"comment_status":"closed","ping_status":"closed","sticky":false,"template":"","format":"video","meta":{"_acf_changed":false,"_seopress_robots_primary_cat":"none","_seopress_titles_title":"","_seopress_titles_desc":"","_seopress_robots_index":"","colormag_page_container_layout":"default_layout","colormag_page_sidebar_layout":"default_layout","footnotes":""},"categories":[6,7],"tags":[],"class_list":["post-55567","post","type-post","status-publish","format-video","has-post-thumbnail","hentry","category-eventos","category-videos","post_format-post-format-video"],"acf":[],"_links":{"self":[{"href":"https:\/\/vocesparalelas.com.ar\/sitio\/wp-json\/wp\/v2\/posts\/55567","targetHints":{"allow":["GET"]}}],"collection":[{"href":"https:\/\/vocesparalelas.com.ar\/sitio\/wp-json\/wp\/v2\/posts"}],"about":[{"href":"https:\/\/vocesparalelas.com.ar\/sitio\/wp-json\/wp\/v2\/types\/post"}],"author":[{"embeddable":true,"href":"https:\/\/vocesparalelas.com.ar\/sitio\/wp-json\/wp\/v2\/users\/3"}],"replies":[{"embeddable":true,"href":"https:\/\/vocesparalelas.com.ar\/sitio\/wp-json\/wp\/v2\/comments?post=55567"}],"version-history":[{"count":1,"href":"https:\/\/vocesparalelas.com.ar\/sitio\/wp-json\/wp\/v2\/posts\/55567\/revisions"}],"predecessor-version":[{"id":55571,"href":"https:\/\/vocesparalelas.com.ar\/sitio\/wp-json\/wp\/v2\/posts\/55567\/revisions\/55571"}],"wp:featuredmedia":[{"embeddable":true,"href":"https:\/\/vocesparalelas.com.ar\/sitio\/wp-json\/wp\/v2\/media\/55570"}],"wp:attachment":[{"href":"https:\/\/vocesparalelas.com.ar\/sitio\/wp-json\/wp\/v2\/media?parent=55567"}],"wp:term":[{"taxonomy":"category","embeddable":true,"href":"https:\/\/vocesparalelas.com.ar\/sitio\/wp-json\/wp\/v2\/categories?post=55567"},{"taxonomy":"post_tag","embeddable":true,"href":"https:\/\/vocesparalelas.com.ar\/sitio\/wp-json\/wp\/v2\/tags?post=55567"}],"curies":[{"name":"wp","href":"https:\/\/api.w.org\/{rel}","templated":true}]}}