{"id":55482,"date":"2022-12-28T22:51:32","date_gmt":"2022-12-29T01:51:32","guid":{"rendered":"https:\/\/vocesparalelas.com.ar\/sitio\/?p=55482"},"modified":"2023-01-02T23:42:10","modified_gmt":"2023-01-03T02:42:10","slug":"un-sueno-cumplido-el-cemec-san-juan","status":"publish","type":"post","link":"https:\/\/vocesparalelas.com.ar\/sitio\/un-sueno-cumplido-el-cemec-san-juan\/","title":{"rendered":"Un sue\u00f1o cumplido el CEMEC San Juan"},"content":{"rendered":"<p>El gobernador de San Juan, Dr. Sergio U\u00f1ac inaugur\u00f3 el Centro Espa\u00f1ol para el Manejo de Enfermedades Cr\u00f3nicas &#8211; CEMEC &#8211; y el Servicio de Medicina Nuclear que cuenta con un tom\u00f3grafo por emisi\u00f3n de positrones &#8211; PET- CT -, que da soluci\u00f3n a la terapia para pacientes oncol\u00f3gicos y neurol\u00f3gicos.<\/p>\n<figure id=\"attachment_55486\" aria-describedby=\"caption-attachment-55486\" style=\"width: 800px\" class=\"wp-caption alignnone\"><img loading=\"lazy\" decoding=\"async\" class=\"wp-image-55486 size-full\" src=\"https:\/\/vocesparalelas.com.ar\/sitio\/wp-content\/uploads\/2022\/12\/HE-CEMEC-02.jpg\" alt=\"\" width=\"800\" height=\"533\" srcset=\"https:\/\/vocesparalelas.com.ar\/sitio\/wp-content\/uploads\/2022\/12\/HE-CEMEC-02.jpg 800w, https:\/\/vocesparalelas.com.ar\/sitio\/wp-content\/uploads\/2022\/12\/HE-CEMEC-02-300x200.jpg 300w, https:\/\/vocesparalelas.com.ar\/sitio\/wp-content\/uploads\/2022\/12\/HE-CEMEC-02-768x512.jpg 768w\" sizes=\"auto, (max-width: 800px) 100vw, 800px\" \/><figcaption id=\"caption-attachment-55486\" class=\"wp-caption-text\">La Ministro de Salud P\u00fablica del Gobierno de San Juan, Dra. Alejandra Venerando junto al Gobernador, Dr. Sergio U\u00f1ac<\/figcaption><\/figure>\n<p>En la previa al acto la Ministro de Salud P\u00fablica del Gobierno de San Juan, Dra. Alejandra Venerando explic\u00f3 lo que significa para San Juan y la Regi\u00f3n el CEMEC.<\/p>\n<p><iframe loading=\"lazy\" title=\"DRA ALEJANDRA VENERANDO\" width=\"800\" height=\"450\" src=\"https:\/\/www.youtube.com\/embed\/etvHYWRUhpQ?feature=oembed\" frameborder=\"0\" allow=\"accelerometer; autoplay; clipboard-write; encrypted-media; gyroscope; picture-in-picture\" allowfullscreen><\/iframe><\/p>\n<p>&nbsp;<\/p>\n<p>Luego, el Gobernador de San Juan, Dr. Sergio U\u00f1ac relat\u00f3 la necesidad del CEMEC San Juan que apunta a la atenci\u00f3n de enfermos oncol\u00f3gicos para evitar el traslado de los mismos a la Provincia de Mendoza. Ahora tiene el servicio en San Juan.<\/p>\n<p><iframe loading=\"lazy\" title=\"DR SERGIO U\u00d1AC\" width=\"800\" height=\"450\" src=\"https:\/\/www.youtube.com\/embed\/vhepDiwcHBU?feature=oembed\" frameborder=\"0\" allow=\"accelerometer; autoplay; clipboard-write; encrypted-media; gyroscope; picture-in-picture\" allowfullscreen><\/iframe><\/p>\n<p>El acto estuvo presidido por el primer mandatario provincial, acompa\u00f1ado por el vicegobernador, CPN Roberto Gattoni; el intendente de Capital, Dr. Emilio Baistrocchi; los ministros de Salud P\u00fablica, Dra. Alejandra Venerando; de Obras y Servicios P\u00fablicos, Ing. Julio Ortiz Andino; por Cemec, el coordinador t\u00e9cnico, Isidro Putelli y el director m\u00e9dico, Gustavo Ortiz, entre otros.<\/p>\n<p><img loading=\"lazy\" decoding=\"async\" class=\"alignnone size-full wp-image-55487\" src=\"https:\/\/vocesparalelas.com.ar\/sitio\/wp-content\/uploads\/2022\/12\/HE-CEMEC-03.jpg\" alt=\"\" width=\"800\" height=\"533\" srcset=\"https:\/\/vocesparalelas.com.ar\/sitio\/wp-content\/uploads\/2022\/12\/HE-CEMEC-03.jpg 800w, https:\/\/vocesparalelas.com.ar\/sitio\/wp-content\/uploads\/2022\/12\/HE-CEMEC-03-300x200.jpg 300w, https:\/\/vocesparalelas.com.ar\/sitio\/wp-content\/uploads\/2022\/12\/HE-CEMEC-03-768x512.jpg 768w\" sizes=\"auto, (max-width: 800px) 100vw, 800px\" \/><\/p>\n<p>Hasta el momento, m\u00e1s de 60 sanjuaninos deb\u00edan trasladarse semanalmente a otras provincias para obtener la prestaci\u00f3n de diagn\u00f3stico, situaci\u00f3n que ser\u00e1 revertida a partir del funcionamiento del centro PET\/CT, que permitir\u00e1 que los enfermos desarrollen sus tratamientos sin necesidad de salir de la provincia.<\/p>\n<p>La moderna tecnolog\u00eda del tom\u00f3grafo por emisi\u00f3n de positrones permite obtener im\u00e1genes de alta calidad para visualizar la anatom\u00eda con gran precisi\u00f3n, analizando los procesos biol\u00f3gicos a nivel molecular y fomentando la detecci\u00f3n temprana del c\u00e1ncer y otras enfermedades. La inversi\u00f3n para la adquisici\u00f3n de este equipo fue de 1,5 millones de d\u00f3lares.<\/p>\n<p>Cabe destacar que el nuevo centro de medicina nuclear es uno de los resultados del Acuerdo San Juan y su concreci\u00f3n requiri\u00f3 una inversi\u00f3n provincial de $ 350 millones.<\/p>\n<p>En el predio funcionar\u00e1 tambi\u00e9n la Fundaci\u00f3n de Investigaciones M\u00e9dicas, un polo cient\u00edfico tecnol\u00f3gico que trabajar\u00e1 articuladamente con la SECITI y con las universidades para capacitando a los trabajadores del servicio.<\/p>\n<p>Durante el acto el Director M\u00e9dico del CEMEC, Dr. Gustavo Ortiz, quien remarc\u00f3 la trayectoria de poder cumplir el sue\u00f1o de a\u00f1os para San Juan.<\/p>\n<p><iframe loading=\"lazy\" title=\"DR GUSTAVO ORTIZ\" width=\"800\" height=\"450\" src=\"https:\/\/www.youtube.com\/embed\/sdL-XX0CO-w?feature=oembed\" frameborder=\"0\" allow=\"accelerometer; autoplay; clipboard-write; encrypted-media; gyroscope; picture-in-picture\" allowfullscreen><\/iframe><\/p>\n<p>Posteriormente, se cort\u00f3 la cinta y se descubri\u00f3 la placa<\/p>\n<p><span style=\"color: #ff0000;\"><strong>Un polo cient\u00edfico tecnol\u00f3gico para enfermedades oncol\u00f3gicas y neurol\u00f3gicas<\/strong><\/span><\/p>\n<p><img loading=\"lazy\" decoding=\"async\" class=\"alignnone size-full wp-image-55491\" src=\"https:\/\/vocesparalelas.com.ar\/sitio\/wp-content\/uploads\/2022\/12\/HE-CEMEC-07.jpg\" alt=\"\" width=\"800\" height=\"533\" srcset=\"https:\/\/vocesparalelas.com.ar\/sitio\/wp-content\/uploads\/2022\/12\/HE-CEMEC-07.jpg 800w, https:\/\/vocesparalelas.com.ar\/sitio\/wp-content\/uploads\/2022\/12\/HE-CEMEC-07-300x200.jpg 300w, https:\/\/vocesparalelas.com.ar\/sitio\/wp-content\/uploads\/2022\/12\/HE-CEMEC-07-768x512.jpg 768w\" sizes=\"auto, (max-width: 800px) 100vw, 800px\" \/><\/p>\n<p>Con la tecnolog\u00eda que hoy se pone al servicio de los sanjuaninos, la provincia se convertir\u00e1 en el principal polo cient\u00edfico y tecnol\u00f3gico de todo Cuyo.<\/p>\n<p>El emprendimiento se consolid\u00f3 en materia gen\u00e9tica, nuclear, oncol\u00f3gica y neurocient\u00edfica, para brindar una mejor calidad de vida a los pacientes, en pos de la excelencia en la atenci\u00f3n de la salud.<\/p>\n<p>A su vez la firma de convenios con la Comisi\u00f3n Nacional de Energ\u00eda At\u00f3mica y la Escuela de Medicina Nuclear, permitir\u00e1 que la Provincia, a trav\u00e9s del Cemec y de la fundaci\u00f3n de Investigaciones de Medicina Nuclear, capacite a los profesionales del \u00e1rea.<\/p>\n<p><span style=\"color: #ff0000;\"><strong>Detalles de la obra<\/strong><\/span><\/p>\n<p>El Ministerio de Obras y Servicios P\u00fablicos, a trav\u00e9s de la Subsecretar\u00eda de Arquitectura, culmin\u00f3 otro importante edificio con infraestructura sanitaria que ampl\u00eda la cobertura de salud p\u00fablica en San Juan y la regi\u00f3n. En esta oportunidad, el Gobierno de San Juan culmin\u00f3 las obras del Centro Espa\u00f1ol para el Manejo de Enfermedades Cr\u00f3nicas &#8211; CEMEC.<\/p>\n<div class=\"itemFullText\">\n<p>Para la instalaci\u00f3n del nuevo equipo PET-CT en el predio de CEMEC, se construy\u00f3 un nuevo centro asistencial, con amplios sectores para su funcionamiento, cumpliendo con todos los requisitos de seguridad y de m\u00e1xima eficiencia, adem\u00e1s de los lugares establecidos para los profesionales y personal administrativo.<\/p>\n<p>La obra, ubicada en el terreno disponible del ex Hospital Espa\u00f1ol, en Capital, posee 868.80m2 de superficie construida, respondiendo a las necesidades planteadas por el Ministerio de Salud P\u00fablica de la provincia.<\/p>\n<p>El nuevo edificio cuenta con una sala de espera y recepci\u00f3n de dimensiones c\u00f3modas y doble altura. Una plaza seca junto a una recova que servir\u00e1 como expansi\u00f3n.<\/p>\n<p>Asimismo, contempla los espacios de consultorios, apoyatura y sala de f\u00edsicos y m\u00e9dicos. En la planta alta, se ubica el \u00e1rea administrativa.<\/p>\n<p>En el sector m\u00e1s complejo y espec\u00edfico de la infraestructura, se planific\u00f3 la zona de inyectorio, sala caliente, consola, equipo, espacios que requieren una preparaci\u00f3n especial desde el punto de vista de radioprotecci\u00f3n, ya que all\u00ed se manipular\u00e1 material radiactivo. En este caso, las caracter\u00edsticas constructivas fueron espec\u00edficas para tal fin.<\/p>\n<p>El nuevo Centro de Medicina Nuclear cuenta con una sala donde se alberga el equipo espec\u00edfico con su respectiva consola. La sala caliente posee mesada, revestimiento y mueble bajo mesada de material no absorbente y de superficie continua, acero inoxidable<img loading=\"lazy\" decoding=\"async\" class=\"alignnone size-full wp-image-55488\" src=\"https:\/\/vocesparalelas.com.ar\/sitio\/wp-content\/uploads\/2022\/12\/HE-CEMEC-04.jpg\" alt=\"\" width=\"800\" height=\"533\" srcset=\"https:\/\/vocesparalelas.com.ar\/sitio\/wp-content\/uploads\/2022\/12\/HE-CEMEC-04.jpg 800w, https:\/\/vocesparalelas.com.ar\/sitio\/wp-content\/uploads\/2022\/12\/HE-CEMEC-04-300x200.jpg 300w, https:\/\/vocesparalelas.com.ar\/sitio\/wp-content\/uploads\/2022\/12\/HE-CEMEC-04-768x512.jpg 768w\" sizes=\"auto, (max-width: 800px) 100vw, 800px\" \/><\/p>\n<p><img loading=\"lazy\" decoding=\"async\" class=\"alignnone size-full wp-image-55490\" src=\"https:\/\/vocesparalelas.com.ar\/sitio\/wp-content\/uploads\/2022\/12\/HE-CEMEC-06.jpg\" alt=\"\" width=\"800\" height=\"533\" srcset=\"https:\/\/vocesparalelas.com.ar\/sitio\/wp-content\/uploads\/2022\/12\/HE-CEMEC-06.jpg 800w, https:\/\/vocesparalelas.com.ar\/sitio\/wp-content\/uploads\/2022\/12\/HE-CEMEC-06-300x200.jpg 300w, https:\/\/vocesparalelas.com.ar\/sitio\/wp-content\/uploads\/2022\/12\/HE-CEMEC-06-768x512.jpg 768w\" sizes=\"auto, (max-width: 800px) 100vw, 800px\" \/><\/p>\n<p><img loading=\"lazy\" decoding=\"async\" class=\"alignnone size-full wp-image-55489\" src=\"https:\/\/vocesparalelas.com.ar\/sitio\/wp-content\/uploads\/2022\/12\/HE-CEMEC-05.jpg\" alt=\"\" width=\"800\" height=\"533\" srcset=\"https:\/\/vocesparalelas.com.ar\/sitio\/wp-content\/uploads\/2022\/12\/HE-CEMEC-05.jpg 800w, https:\/\/vocesparalelas.com.ar\/sitio\/wp-content\/uploads\/2022\/12\/HE-CEMEC-05-300x200.jpg 300w, https:\/\/vocesparalelas.com.ar\/sitio\/wp-content\/uploads\/2022\/12\/HE-CEMEC-05-768x512.jpg 768w\" sizes=\"auto, (max-width: 800px) 100vw, 800px\" \/>.<\/p>\n<p>Cabe mencionar que para esta obra, se utiliz\u00f3 el modelado con metodolog\u00eda BIM, Building Information Modeling, por parte de la empresa Bilbao Construcciones. Esta es una innovadora metodolog\u00eda de trabajo en la industria de la construcci\u00f3n, que permite a trav\u00e9s de modelos virtuales y de forma colaborativa, gestionar los proyectos de construcci\u00f3n de manera integral en todas sus etapas. Hoy la provincia se posiciona como una de las pioneras en la utilizaci\u00f3n de esta innovadora metodolog\u00eda en la obra p\u00fablica.<\/p>\n<p>El objetivo es establecer el CEMEC como centro de diagn\u00f3stico, tratamiento e investigaci\u00f3n en el \u00e1rea de oncolog\u00eda, como as\u00ed tambi\u00e9n en el desarrollo de las cirug\u00edas de la epilepsia y p\u00e1rkinson y en el \u00e1rea gen\u00e9tica, a trav\u00e9s de un programa de Medicina Personalizada de Precisi\u00f3n. Esto quiere decir que, dentro de las patolog\u00edas oncol\u00f3gicas, se realizar\u00e1n tratamientos espec\u00edficos de acuerdo a la particularidad del paciente y no del cuadro en general, logrando una mayor especificidad en el diagn\u00f3stico y tratamiento.<\/p>\n<p>Adem\u00e1s, cuenta con una recepci\u00f3n para la entrevista m\u00e9dico-paciente, donde se formalizar\u00e1 la historia cl\u00ednica, se comprobar\u00e1 la patolog\u00eda, el estudio, luego, el peso corporal y la talla de la persona para determinar, finalmente, la dosis de material radiactivo que se le aplicar\u00e1. Este material se dar\u00e1 en el \u201cInyectorio\u201d, que es una habitaci\u00f3n, acondicionada para que el paciente reciba la cantidad exacta de \u201cIsotopo Radiactivo\u201d, cuyo nombre t\u00e9cnico es fluorodesoxiglucosa o FDG, cuyo traslado a la provincia resulta un riguroso proceso log\u00edstico, en raz\u00f3n de corta etapa radioactiva, lo que torna la variable tiempo un desaf\u00edo a vencer, para la \u00f3ptima utilizaci\u00f3n de ese recurso.<\/p>\n<p><img loading=\"lazy\" decoding=\"async\" class=\"alignnone size-full wp-image-55492\" src=\"https:\/\/vocesparalelas.com.ar\/sitio\/wp-content\/uploads\/2022\/12\/HE-CEMEC-08.jpg\" alt=\"\" width=\"800\" height=\"533\" srcset=\"https:\/\/vocesparalelas.com.ar\/sitio\/wp-content\/uploads\/2022\/12\/HE-CEMEC-08.jpg 800w, https:\/\/vocesparalelas.com.ar\/sitio\/wp-content\/uploads\/2022\/12\/HE-CEMEC-08-300x200.jpg 300w, https:\/\/vocesparalelas.com.ar\/sitio\/wp-content\/uploads\/2022\/12\/HE-CEMEC-08-768x512.jpg 768w\" sizes=\"auto, (max-width: 800px) 100vw, 800px\" \/><\/p>\n<\/div>\n<div class=\"clr\"><\/div>\n<div class=\"itemContentFooter\"><span class=\"itemDateModified\">Publicado el Mi\u00e9rcoles, 28 de Diciembre de 2022<\/span><\/div>\n","protected":false},"excerpt":{"rendered":"<p>El gobernador de San Juan, Dr. Sergio U\u00f1ac inaugur\u00f3 el Centro Espa\u00f1ol para el Manejo de Enfermedades Cr\u00f3nicas &#8211; CEMEC<\/p>\n","protected":false},"author":3,"featured_media":55485,"comment_status":"closed","ping_status":"closed","sticky":false,"template":"","format":"standard","meta":{"_acf_changed":false,"_seopress_robots_primary_cat":"none","_seopress_titles_title":"","_seopress_titles_desc":"","_seopress_robots_index":"","colormag_page_container_layout":"default_layout","colormag_page_sidebar_layout":"default_layout","footnotes":""},"categories":[5],"tags":[],"class_list":["post-55482","post","type-post","status-publish","format-standard","has-post-thumbnail","hentry","category-ofrecimientos"],"acf":[],"_links":{"self":[{"href":"https:\/\/vocesparalelas.com.ar\/sitio\/wp-json\/wp\/v2\/posts\/55482","targetHints":{"allow":["GET"]}}],"collection":[{"href":"https:\/\/vocesparalelas.com.ar\/sitio\/wp-json\/wp\/v2\/posts"}],"about":[{"href":"https:\/\/vocesparalelas.com.ar\/sitio\/wp-json\/wp\/v2\/types\/post"}],"author":[{"embeddable":true,"href":"https:\/\/vocesparalelas.com.ar\/sitio\/wp-json\/wp\/v2\/users\/3"}],"replies":[{"embeddable":true,"href":"https:\/\/vocesparalelas.com.ar\/sitio\/wp-json\/wp\/v2\/comments?post=55482"}],"version-history":[{"count":3,"href":"https:\/\/vocesparalelas.com.ar\/sitio\/wp-json\/wp\/v2\/posts\/55482\/revisions"}],"predecessor-version":[{"id":55500,"href":"https:\/\/vocesparalelas.com.ar\/sitio\/wp-json\/wp\/v2\/posts\/55482\/revisions\/55500"}],"wp:featuredmedia":[{"embeddable":true,"href":"https:\/\/vocesparalelas.com.ar\/sitio\/wp-json\/wp\/v2\/media\/55485"}],"wp:attachment":[{"href":"https:\/\/vocesparalelas.com.ar\/sitio\/wp-json\/wp\/v2\/media?parent=55482"}],"wp:term":[{"taxonomy":"category","embeddable":true,"href":"https:\/\/vocesparalelas.com.ar\/sitio\/wp-json\/wp\/v2\/categories?post=55482"},{"taxonomy":"post_tag","embeddable":true,"href":"https:\/\/vocesparalelas.com.ar\/sitio\/wp-json\/wp\/v2\/tags?post=55482"}],"curies":[{"name":"wp","href":"https:\/\/api.w.org\/{rel}","templated":true}]}}