{"id":55447,"date":"2022-12-27T22:21:10","date_gmt":"2022-12-28T01:21:10","guid":{"rendered":"https:\/\/vocesparalelas.com.ar\/sitio\/?p=55447"},"modified":"2022-12-27T22:21:10","modified_gmt":"2022-12-28T01:21:10","slug":"plenario-provincial-extraordinario-de-udap","status":"publish","type":"post","link":"https:\/\/vocesparalelas.com.ar\/sitio\/plenario-provincial-extraordinario-de-udap\/","title":{"rendered":"Plenario Provincial Extraordinario de UDAP"},"content":{"rendered":"<p>El Secretariado Ejecutivo de la Uni\u00f3n Docentes Agremiados Provinciales &#8211; UDAP -, en cumplimiento de sus facultades estatutarias, convoca a los Delegados Escolares de la Entidad, a Plenario Provincial Extraordinario, para el 29 de Diciembre de 2022, a las 10:30 horas, en ASIJEMIN, 9 de Julio 647 &#8211; O &#8211; Capital.<\/p>\n<p>En cumplimiento del art\u00edculo 106 del Estatuto Gremial, \u00e9sta convocatoria se efect\u00faa en primera citaci\u00f3n a las 10:30 horas, en segunda citaci\u00f3n a las 11:30 horas, y en tercera citaci\u00f3n a las 12:30 horas.<\/p>\n<p><strong><span style=\"color: #0000ff;\">Orden del d\u00eda<\/span><\/strong><\/p>\n<ul>\n<li>Elecci\u00f3n del Presidente del Plenario Extraordinario. Elecci\u00f3n de dos delegados para rubricar el Acta.<\/li>\n<li>Lectura y aprobaci\u00f3n del Acta Anterior. Elecci\u00f3n de Junta Electoral para las elecciones sindicales generales de UDAP, per\u00edodo 2023\/2027. Tres miembros titulares y tres miembros suplentes.<\/li>\n<\/ul>\n<p style=\"text-align: right;\">Secretariado Ejecutivo<\/p>\n<p style=\"text-align: right;\">Luis Lucero Secretario General<\/p>\n<p>Publicado el Martes, 27 de Diciembre de 2022<\/p>\n","protected":false},"excerpt":{"rendered":"<p>El Secretariado Ejecutivo de la Uni\u00f3n Docentes Agremiados Provinciales &#8211; UDAP -, en cumplimiento de sus facultades estatutarias, convoca a<\/p>\n","protected":false},"author":3,"featured_media":54427,"comment_status":"closed","ping_status":"closed","sticky":false,"template":"","format":"standard","meta":{"_acf_changed":false,"_seopress_robots_primary_cat":"none","_seopress_titles_title":"","_seopress_titles_desc":"","_seopress_robots_index":"","colormag_page_container_layout":"default_layout","colormag_page_sidebar_layout":"default_layout","footnotes":""},"categories":[1],"tags":[],"class_list":["post-55447","post","type-post","status-publish","format-standard","has-post-thumbnail","hentry","category-destacadas"],"acf":[],"_links":{"self":[{"href":"https:\/\/vocesparalelas.com.ar\/sitio\/wp-json\/wp\/v2\/posts\/55447","targetHints":{"allow":["GET"]}}],"collection":[{"href":"https:\/\/vocesparalelas.com.ar\/sitio\/wp-json\/wp\/v2\/posts"}],"about":[{"href":"https:\/\/vocesparalelas.com.ar\/sitio\/wp-json\/wp\/v2\/types\/post"}],"author":[{"embeddable":true,"href":"https:\/\/vocesparalelas.com.ar\/sitio\/wp-json\/wp\/v2\/users\/3"}],"replies":[{"embeddable":true,"href":"https:\/\/vocesparalelas.com.ar\/sitio\/wp-json\/wp\/v2\/comments?post=55447"}],"version-history":[{"count":1,"href":"https:\/\/vocesparalelas.com.ar\/sitio\/wp-json\/wp\/v2\/posts\/55447\/revisions"}],"predecessor-version":[{"id":55449,"href":"https:\/\/vocesparalelas.com.ar\/sitio\/wp-json\/wp\/v2\/posts\/55447\/revisions\/55449"}],"wp:featuredmedia":[{"embeddable":true,"href":"https:\/\/vocesparalelas.com.ar\/sitio\/wp-json\/wp\/v2\/media\/54427"}],"wp:attachment":[{"href":"https:\/\/vocesparalelas.com.ar\/sitio\/wp-json\/wp\/v2\/media?parent=55447"}],"wp:term":[{"taxonomy":"category","embeddable":true,"href":"https:\/\/vocesparalelas.com.ar\/sitio\/wp-json\/wp\/v2\/categories?post=55447"},{"taxonomy":"post_tag","embeddable":true,"href":"https:\/\/vocesparalelas.com.ar\/sitio\/wp-json\/wp\/v2\/tags?post=55447"}],"curies":[{"name":"wp","href":"https:\/\/api.w.org\/{rel}","templated":true}]}}