{"id":55437,"date":"2022-12-27T21:04:28","date_gmt":"2022-12-28T00:04:28","guid":{"rendered":"https:\/\/vocesparalelas.com.ar\/sitio\/?p=55437"},"modified":"2022-12-29T01:58:05","modified_gmt":"2022-12-29T04:58:05","slug":"novedades-para-la-unsj","status":"publish","type":"post","link":"https:\/\/vocesparalelas.com.ar\/sitio\/novedades-para-la-unsj\/","title":{"rendered":"Novedades para la UNSJ"},"content":{"rendered":"<p>El Rector de la UNSJ, Ing. Tadeo Berenguer brind\u00f3 algunas novedades que engrandece a la Instituci\u00f3n Acad\u00e9mica. Una de ellas es la firma de convenio entre la UNSJ junto a otras veinte Universidades firmaron con los Ministerios de Obras P\u00fablicas, y de Educaci\u00f3n de la Naci\u00f3n, en la cual se acord\u00f3 otorgar a estas casas de estudio, una suma de 9 mil millones pesos para la construcci\u00f3n de un total 40 mil metros cuadrados en todo el pa\u00eds.<\/p>\n<p><iframe loading=\"lazy\" title=\"UNSJ RECTOR ING TADEO BERENGUER\" width=\"800\" height=\"450\" src=\"https:\/\/www.youtube.com\/embed\/Rut2ASfrLfo?feature=oembed\" frameborder=\"0\" allow=\"accelerometer; autoplay; clipboard-write; encrypted-media; gyroscope; picture-in-picture\" allowfullscreen><\/iframe><\/p>\n<p>Esto permite que la Universidad Nacional de San Juan reciba el financiamiento para realizar obras de ampliaci\u00f3n en las Facultades de Ciencias Exactas, F\u00edsicas y Naturales y de Arquitectura, Urbanismo y Dise\u00f1o.<\/p>\n<p>A la Universidad Nacional de San Juan se le adjudican 724.257.740 millones de pesos destinados a la ejecuci\u00f3n de una obra de ampliaci\u00f3n de alrededor de 2.400 metros cuadrados para aulas y laboratorios de las facultades mencionadas.<\/p>\n<p>La firma del acta se realiz\u00f3 en el marco de la \u00faltima reuni\u00f3n plenaria del a\u00f1o del Consejo Interuniversitario Nacional (CIN), que se realiz\u00f3 en el campus de la Universidad Nacional de San Mart\u00edn &#8211; UNSAM -, provincia de Buenos Aires, con la participaci\u00f3n de m\u00e1s de 50 autoridades superiores, adem\u00e1s de representantes del Ministerio de Educaci\u00f3n de la Naci\u00f3n, incluidos su titular, Lic. Jaime Perczyk, y el secretario de Pol\u00edticas Universitarias, CPN Oscar Alpa.<\/p>\n<p>&nbsp;<\/p>\n<p><img loading=\"lazy\" decoding=\"async\" class=\"alignnone size-full wp-image-55452\" src=\"https:\/\/vocesparalelas.com.ar\/sitio\/wp-content\/uploads\/2022\/12\/UNSJ-CONVENIO-01.jpg\" alt=\"\" width=\"800\" height=\"489\" srcset=\"https:\/\/vocesparalelas.com.ar\/sitio\/wp-content\/uploads\/2022\/12\/UNSJ-CONVENIO-01.jpg 800w, https:\/\/vocesparalelas.com.ar\/sitio\/wp-content\/uploads\/2022\/12\/UNSJ-CONVENIO-01-300x183.jpg 300w, https:\/\/vocesparalelas.com.ar\/sitio\/wp-content\/uploads\/2022\/12\/UNSJ-CONVENIO-01-768x469.jpg 768w\" sizes=\"auto, (max-width: 800px) 100vw, 800px\" \/><\/p>\n<p>Publicado el Martes, 27 de Diciembre de 2022<\/p>\n","protected":false},"excerpt":{"rendered":"<p>El Rector de la UNSJ, Ing. Tadeo Berenguer brind\u00f3 algunas novedades que engrandece a la Instituci\u00f3n Acad\u00e9mica. Una de ellas<\/p>\n","protected":false},"author":3,"featured_media":55453,"comment_status":"closed","ping_status":"closed","sticky":false,"template":"","format":"video","meta":{"_acf_changed":false,"_seopress_robots_primary_cat":"none","_seopress_titles_title":"","_seopress_titles_desc":"","_seopress_robots_index":"","colormag_page_container_layout":"default_layout","colormag_page_sidebar_layout":"default_layout","footnotes":""},"categories":[10,7],"tags":[],"class_list":["post-55437","post","type-post","status-publish","format-video","has-post-thumbnail","hentry","category-opiniones","category-videos","post_format-post-format-video"],"acf":[],"_links":{"self":[{"href":"https:\/\/vocesparalelas.com.ar\/sitio\/wp-json\/wp\/v2\/posts\/55437","targetHints":{"allow":["GET"]}}],"collection":[{"href":"https:\/\/vocesparalelas.com.ar\/sitio\/wp-json\/wp\/v2\/posts"}],"about":[{"href":"https:\/\/vocesparalelas.com.ar\/sitio\/wp-json\/wp\/v2\/types\/post"}],"author":[{"embeddable":true,"href":"https:\/\/vocesparalelas.com.ar\/sitio\/wp-json\/wp\/v2\/users\/3"}],"replies":[{"embeddable":true,"href":"https:\/\/vocesparalelas.com.ar\/sitio\/wp-json\/wp\/v2\/comments?post=55437"}],"version-history":[{"count":1,"href":"https:\/\/vocesparalelas.com.ar\/sitio\/wp-json\/wp\/v2\/posts\/55437\/revisions"}],"predecessor-version":[{"id":55454,"href":"https:\/\/vocesparalelas.com.ar\/sitio\/wp-json\/wp\/v2\/posts\/55437\/revisions\/55454"}],"wp:featuredmedia":[{"embeddable":true,"href":"https:\/\/vocesparalelas.com.ar\/sitio\/wp-json\/wp\/v2\/media\/55453"}],"wp:attachment":[{"href":"https:\/\/vocesparalelas.com.ar\/sitio\/wp-json\/wp\/v2\/media?parent=55437"}],"wp:term":[{"taxonomy":"category","embeddable":true,"href":"https:\/\/vocesparalelas.com.ar\/sitio\/wp-json\/wp\/v2\/categories?post=55437"},{"taxonomy":"post_tag","embeddable":true,"href":"https:\/\/vocesparalelas.com.ar\/sitio\/wp-json\/wp\/v2\/tags?post=55437"}],"curies":[{"name":"wp","href":"https:\/\/api.w.org\/{rel}","templated":true}]}}