{"id":55402,"date":"2022-12-23T22:17:48","date_gmt":"2022-12-24T01:17:48","guid":{"rendered":"https:\/\/vocesparalelas.com.ar\/sitio\/?p=55402"},"modified":"2022-12-27T14:34:45","modified_gmt":"2022-12-27T17:34:45","slug":"entregan-las-distinciones-malvinas-40-anos-en-san-juan","status":"publish","type":"post","link":"https:\/\/vocesparalelas.com.ar\/sitio\/entregan-las-distinciones-malvinas-40-anos-en-san-juan\/","title":{"rendered":"Entregan las distinciones \u00abMalvinas 40 a\u00f1os\u00bb en San Juan"},"content":{"rendered":"<p>El Lunes, 26 de Diciembre, a las 11:30 hs.; en el Sal\u00f3n Cruce de los Andes, 1\u00ba piso del edificio Sur, del Centro C\u00edvico, el Gobernador de San Juan, Dr. Sergio U\u00f1ac y el Ministro de Gobierno, Dr. Alberto Valent\u00edn Hensel entregan las distinciones \u00abMalvinas 40 a\u00f1os\u00bb, en el marco de los 40 Aniversario Malvinas 1982- 2022.<\/p>\n<p><span style=\"color: #0000ff;\"><strong>Organizan<\/strong><\/span><\/p>\n<ul>\n<li>Gobierno de San Juan<\/li>\n<li>Ministerio de Gobierno<\/li>\n<\/ul>\n<p>Publicado el Domino, 25 de Diciembre de 2022<\/p>\n<p>&nbsp;<\/p>\n","protected":false},"excerpt":{"rendered":"<p>El Lunes, 26 de Diciembre, a las 11:30 hs.; en el Sal\u00f3n Cruce de los Andes, 1\u00ba piso del edificio<\/p>\n","protected":false},"author":3,"featured_media":36530,"comment_status":"closed","ping_status":"closed","sticky":false,"template":"","format":"standard","meta":{"_acf_changed":false,"_seopress_robots_primary_cat":"none","_seopress_titles_title":"","_seopress_titles_desc":"","_seopress_robots_index":"","colormag_page_container_layout":"default_layout","colormag_page_sidebar_layout":"default_layout","footnotes":""},"categories":[1],"tags":[],"class_list":["post-55402","post","type-post","status-publish","format-standard","has-post-thumbnail","hentry","category-destacadas"],"acf":[],"_links":{"self":[{"href":"https:\/\/vocesparalelas.com.ar\/sitio\/wp-json\/wp\/v2\/posts\/55402","targetHints":{"allow":["GET"]}}],"collection":[{"href":"https:\/\/vocesparalelas.com.ar\/sitio\/wp-json\/wp\/v2\/posts"}],"about":[{"href":"https:\/\/vocesparalelas.com.ar\/sitio\/wp-json\/wp\/v2\/types\/post"}],"author":[{"embeddable":true,"href":"https:\/\/vocesparalelas.com.ar\/sitio\/wp-json\/wp\/v2\/users\/3"}],"replies":[{"embeddable":true,"href":"https:\/\/vocesparalelas.com.ar\/sitio\/wp-json\/wp\/v2\/comments?post=55402"}],"version-history":[{"count":1,"href":"https:\/\/vocesparalelas.com.ar\/sitio\/wp-json\/wp\/v2\/posts\/55402\/revisions"}],"predecessor-version":[{"id":55404,"href":"https:\/\/vocesparalelas.com.ar\/sitio\/wp-json\/wp\/v2\/posts\/55402\/revisions\/55404"}],"wp:featuredmedia":[{"embeddable":true,"href":"https:\/\/vocesparalelas.com.ar\/sitio\/wp-json\/wp\/v2\/media\/36530"}],"wp:attachment":[{"href":"https:\/\/vocesparalelas.com.ar\/sitio\/wp-json\/wp\/v2\/media?parent=55402"}],"wp:term":[{"taxonomy":"category","embeddable":true,"href":"https:\/\/vocesparalelas.com.ar\/sitio\/wp-json\/wp\/v2\/categories?post=55402"},{"taxonomy":"post_tag","embeddable":true,"href":"https:\/\/vocesparalelas.com.ar\/sitio\/wp-json\/wp\/v2\/tags?post=55402"}],"curies":[{"name":"wp","href":"https:\/\/api.w.org\/{rel}","templated":true}]}}