{"id":55398,"date":"2022-12-25T10:55:43","date_gmt":"2022-12-25T13:55:43","guid":{"rendered":"https:\/\/vocesparalelas.com.ar\/sitio\/?p=55398"},"modified":"2022-12-28T00:59:30","modified_gmt":"2022-12-28T03:59:30","slug":"listados-provisorios-de-aspirantes-a-interinatos-y-suplencias-2023-de-la-rama-media-y-superior-de-san-juan","status":"publish","type":"post","link":"https:\/\/vocesparalelas.com.ar\/sitio\/listados-provisorios-de-aspirantes-a-interinatos-y-suplencias-2023-de-la-rama-media-y-superior-de-san-juan\/","title":{"rendered":"Listados provisorios de aspirantes a interinatos y suplencias 2023 de la Rama Media y Superior de San Juan"},"content":{"rendered":"<div class=\"itemFullText\">\n<p>La Junta de Clasificaci\u00f3n Docente Rama Media y Superior del Ministerio de Educaci\u00f3n del Gobierno de San Juan informa a los docentes inscriptos para cubrir Interinatos y Suplencias, en Horas C\u00e1tedras y Cargos, para el Ciclo Lectivo 2023, que ya pueden acceder a consultar los listados provisorios en el link de Junta de la p\u00e1gina web del Ministerio de Educaci\u00f3n:<\/p>\n<p><a href=\"https:\/\/educacion.sanjuan.gob.ar\">https:\/\/educacion.sanjuan.gob.ar<\/a><\/p>\n<p>Para el Ciclo Lectivo 2023, se inscribieron en forma presencial 9700 docentes, lo que representa aproximadamente 91000 valoraciones realizadas para diferentes espacios curriculares y cargos docentes. Del total inscriptos, 1321 corresponden a los departamentos de: Calingasta, Iglesia, J\u00e1chal y Valle F\u00e9rtil.<\/p>\n<p>Adem\u00e1s se realiz\u00f3 la inscripci\u00f3n para cargos de ascenso, estos corresponden a 119 escuelas, del total de 347 personas, 317 est\u00e1n valoradas para cargos de vicedirector y director. Tambi\u00e9n hay 30 inscriptos para cargos de subjefe y Jefe de preceptores.<\/p>\n<p>Cabe destacar que en Enero de 2023 el horario de atenci\u00f3n al p\u00fablico en la Junta es de Lunes a Viernes, de 8 a 12 horas, en Laprida 372 este o comunicarse al 4307982.<\/p>\n<p>La entrega de Carnet correspondientes al Ciclo Lectivo 2023 comienza el 15 de Febrero de 2023.<\/p>\n<p>&nbsp;<\/p>\n<\/div>\n<div class=\"itemContentFooter\"><span class=\"itemDateModified\">Publicado el Domingo, 25 de Diciembre de 2022<\/span><\/div>\n","protected":false},"excerpt":{"rendered":"<p>La Junta de Clasificaci\u00f3n Docente Rama Media y Superior del Ministerio de Educaci\u00f3n del Gobierno de San Juan informa a<\/p>\n","protected":false},"author":3,"featured_media":28823,"comment_status":"closed","ping_status":"closed","sticky":false,"template":"","format":"standard","meta":{"_acf_changed":false,"_seopress_robots_primary_cat":"none","_seopress_titles_title":"","_seopress_titles_desc":"","_seopress_robots_index":"","colormag_page_container_layout":"default_layout","colormag_page_sidebar_layout":"default_layout","footnotes":""},"categories":[5],"tags":[],"class_list":["post-55398","post","type-post","status-publish","format-standard","has-post-thumbnail","hentry","category-ofrecimientos"],"acf":[],"_links":{"self":[{"href":"https:\/\/vocesparalelas.com.ar\/sitio\/wp-json\/wp\/v2\/posts\/55398","targetHints":{"allow":["GET"]}}],"collection":[{"href":"https:\/\/vocesparalelas.com.ar\/sitio\/wp-json\/wp\/v2\/posts"}],"about":[{"href":"https:\/\/vocesparalelas.com.ar\/sitio\/wp-json\/wp\/v2\/types\/post"}],"author":[{"embeddable":true,"href":"https:\/\/vocesparalelas.com.ar\/sitio\/wp-json\/wp\/v2\/users\/3"}],"replies":[{"embeddable":true,"href":"https:\/\/vocesparalelas.com.ar\/sitio\/wp-json\/wp\/v2\/comments?post=55398"}],"version-history":[{"count":1,"href":"https:\/\/vocesparalelas.com.ar\/sitio\/wp-json\/wp\/v2\/posts\/55398\/revisions"}],"predecessor-version":[{"id":55400,"href":"https:\/\/vocesparalelas.com.ar\/sitio\/wp-json\/wp\/v2\/posts\/55398\/revisions\/55400"}],"wp:featuredmedia":[{"embeddable":true,"href":"https:\/\/vocesparalelas.com.ar\/sitio\/wp-json\/wp\/v2\/media\/28823"}],"wp:attachment":[{"href":"https:\/\/vocesparalelas.com.ar\/sitio\/wp-json\/wp\/v2\/media?parent=55398"}],"wp:term":[{"taxonomy":"category","embeddable":true,"href":"https:\/\/vocesparalelas.com.ar\/sitio\/wp-json\/wp\/v2\/categories?post=55398"},{"taxonomy":"post_tag","embeddable":true,"href":"https:\/\/vocesparalelas.com.ar\/sitio\/wp-json\/wp\/v2\/tags?post=55398"}],"curies":[{"name":"wp","href":"https:\/\/api.w.org\/{rel}","templated":true}]}}