{"id":55385,"date":"2022-12-23T22:49:12","date_gmt":"2022-12-24T01:49:12","guid":{"rendered":"https:\/\/vocesparalelas.com.ar\/sitio\/?p=55385"},"modified":"2022-12-23T22:49:12","modified_gmt":"2022-12-24T01:49:12","slug":"la-copa-mundial-de-futbol-qatar-2022-cumple-la-promesa-en-san-juan","status":"publish","type":"post","link":"https:\/\/vocesparalelas.com.ar\/sitio\/la-copa-mundial-de-futbol-qatar-2022-cumple-la-promesa-en-san-juan\/","title":{"rendered":"La Copa Mundial de F\u00fatbol \u00abQatar 2022\u00bb cumple la promesa en San Juan"},"content":{"rendered":"<p>El Lunes, 26 de Diciembre, la Copa Mundial de F\u00fatbol se expone por primera vez en el interior de la Argentina, en la provincia de San Juan y tiene dos puntos de concentraci\u00f3n para que la comunidad interesarse puede acercarse y observar el trofeo que levant\u00f3 Lionel Messi el Domingo, 18 de Diciembre, en el Mundial de F\u00fatbol \u00abQatar 2022\u00bb.<\/p>\n<div class=\"itemFullText\">\n<p>La primera concentraci\u00f3n para poder disfrutar de la Copa est\u00e1 dispuesta en el Parque de Mayo a partir de las 16 hs.; en el coraz\u00f3n verde de la provincia, donde se dispone un escenario para que bandas musicales entretengan a los presentes en un hecho in\u00e9dito tal como pas\u00f3 con la Copa Am\u00e9rica de f\u00fatbol que visit\u00f3 San Juan.<\/p>\n<p>La segunda convocatoria para el p\u00fablico en general es a las 18:00 en el santuario de la Difunta Correa, donde el Presidente de la AFA, Claudio Tapia, acerca el trofeo para cumplir la promesa que los campeones del Mundo le realizaron a Deolinda Correa.<\/p>\n<p>Es importante aclarar que no se desarrolla caravana desde el Parque de Mayo al santuario, Departamento Caucete dado que el traslado de la Copa del Mundo es v\u00eda a\u00e9rea por cuestiones de tiempo.<\/p>\n<p>Las pol\u00edticas deportivas de la provincia en la gesti\u00f3n del Gobernador, Dr. Sergio U\u00f1ac posibilitaron una gran relaci\u00f3n con las distintas federaciones deportivas nacionales como con la AFA. En San Juan se disputaron importantes cert\u00e1menes continentales y junto a C\u00f3rdoba fueron las \u00fanicas en recibir dos veces al seleccionado desde que Scaloni es entrenador.<\/p>\n<p>Lionel Messi jug\u00f3 cuatro veces en San Juan. Le gan\u00f3 a Honduras por 1-0 el 27 de Mayo del 2016, el 15 de noviembre del 2016 super\u00f3 3-0 a Colombia y con \u00abLa Scaloneta\u00bb lleg\u00f3 por primera vez a la provincia el 7 de junio del 2019 en un amistoso con Nicaragua donde se impuso 5 a 1, mientras que el 16 de noviembre del 2021 igual\u00f3 0 a 0 con Brasil por las Eliminatorias rumbo a Qatar.<\/p>\n<p>Justamente, el 16 de noviembre se clasific\u00f3 en San Juan al Mundial. Comenz\u00f3 a formarse esta gesta deportiva que finaliz\u00f3 el 18 de Diciembre con Lionel Messi levantando la Copa del Mundo de F\u00fatbol \u00abQatar 2022\u00bb.<\/p>\n<p>Tras ser campe\u00f3n mundial, Lionel Scaloni, DT de la Selecci\u00f3n cont\u00f3 una an\u00e9cdota de una llamada con Messi despu\u00e9s de jugar con Brasil en San Juan. El entrenador destac\u00f3 que tras el partido notaba que se ven\u00eda algo importante para el Seleccionado. \u00abTen\u00eda que tener esa charla y con su respuesta me di cuenta que algo se estaba haciendo bien\u00bb, coment\u00f3 en conferencia.<\/p>\n<p>https:\/\/www.youtube.com\/watch?v=DbgoOU55vlE<\/p>\n<p>&nbsp;<\/p>\n<p>Cabe destacar que San Juan fue la \u00fanica provincia que realiz\u00f3 un Tour de la Copa Am\u00e9rica y es la primera del interior de Argentina, en recibir y exponer la anhelada tercera Copa Mundial ganada por la Selecci\u00f3n Argentina.<\/p>\n<\/div>\n<div><\/div>\n<div class=\"itemContentFooter\"><span class=\"itemDateModified\">Publicado el Viernes, 23 de Diciembre de 2022<\/span><\/div>\n","protected":false},"excerpt":{"rendered":"<p>El Lunes, 26 de Diciembre, la Copa Mundial de F\u00fatbol se expone por primera vez en el interior de la<\/p>\n","protected":false},"author":3,"featured_media":55243,"comment_status":"closed","ping_status":"closed","sticky":false,"template":"","format":"video","meta":{"_acf_changed":false,"_seopress_robots_primary_cat":"none","_seopress_titles_title":"","_seopress_titles_desc":"","_seopress_robots_index":"","colormag_page_container_layout":"default_layout","colormag_page_sidebar_layout":"default_layout","footnotes":""},"categories":[1,7],"tags":[],"class_list":["post-55385","post","type-post","status-publish","format-video","has-post-thumbnail","hentry","category-destacadas","category-videos","post_format-post-format-video"],"acf":[],"_links":{"self":[{"href":"https:\/\/vocesparalelas.com.ar\/sitio\/wp-json\/wp\/v2\/posts\/55385","targetHints":{"allow":["GET"]}}],"collection":[{"href":"https:\/\/vocesparalelas.com.ar\/sitio\/wp-json\/wp\/v2\/posts"}],"about":[{"href":"https:\/\/vocesparalelas.com.ar\/sitio\/wp-json\/wp\/v2\/types\/post"}],"author":[{"embeddable":true,"href":"https:\/\/vocesparalelas.com.ar\/sitio\/wp-json\/wp\/v2\/users\/3"}],"replies":[{"embeddable":true,"href":"https:\/\/vocesparalelas.com.ar\/sitio\/wp-json\/wp\/v2\/comments?post=55385"}],"version-history":[{"count":1,"href":"https:\/\/vocesparalelas.com.ar\/sitio\/wp-json\/wp\/v2\/posts\/55385\/revisions"}],"predecessor-version":[{"id":55387,"href":"https:\/\/vocesparalelas.com.ar\/sitio\/wp-json\/wp\/v2\/posts\/55385\/revisions\/55387"}],"wp:featuredmedia":[{"embeddable":true,"href":"https:\/\/vocesparalelas.com.ar\/sitio\/wp-json\/wp\/v2\/media\/55243"}],"wp:attachment":[{"href":"https:\/\/vocesparalelas.com.ar\/sitio\/wp-json\/wp\/v2\/media?parent=55385"}],"wp:term":[{"taxonomy":"category","embeddable":true,"href":"https:\/\/vocesparalelas.com.ar\/sitio\/wp-json\/wp\/v2\/categories?post=55385"},{"taxonomy":"post_tag","embeddable":true,"href":"https:\/\/vocesparalelas.com.ar\/sitio\/wp-json\/wp\/v2\/tags?post=55385"}],"curies":[{"name":"wp","href":"https:\/\/api.w.org\/{rel}","templated":true}]}}