{"id":55372,"date":"2022-12-23T20:30:01","date_gmt":"2022-12-23T23:30:01","guid":{"rendered":"https:\/\/vocesparalelas.com.ar\/sitio\/?p=55372"},"modified":"2022-12-28T01:33:45","modified_gmt":"2022-12-28T04:33:45","slug":"homilia-de-la-misa-de-accion-de-gracias-por-la-navidad-del-gobierno-de-san-juan","status":"publish","type":"post","link":"https:\/\/vocesparalelas.com.ar\/sitio\/homilia-de-la-misa-de-accion-de-gracias-por-la-navidad-del-gobierno-de-san-juan\/","title":{"rendered":"Homil\u00eda de la Misa de Acci\u00f3n de Gracias por la Navidad del Gobierno de San Juan"},"content":{"rendered":"<p>Homil\u00eda del Monse\u00f1or Gustavo Manuel Larraz\u00e1bal, Obispo Auxiliar de San Juan en la Misa de Acci\u00f3n de Gracias por la Navidad del Gobierno en la Catedral de San Juan de Cuyo.<\/p>\n<p>Quiero agradecerles a todos ustedes por venir a darle gracias a Dios en esta celebraci\u00f3n, no es una cosa menor, por eso les agradezco profundamente que podamos celebrar este momento.<\/p>\n<p>En el Evangelio de hoy tenemos a la Virgen que nos dice: \u201cMi alma canta la grandeza del Se\u00f1or y mi esp\u00edritu se estremece de gozo porque ha mirado mi peque\u00f1ez\u201d. Mar\u00eda salta de felicidad porque Dios la ha mirado. Nosotros tambi\u00e9n tenemos la certeza que Dios nos mira y nos ama, nos ha elegido para que podamos seguirlo y para que podamos servirlo.<\/p>\n<p>La Iglesia sostiene que la pol\u00edtica es la forma m\u00e1s excelsa de la caridad. Participar en pol\u00edtica no s\u00f3lo que es bueno, sino tambi\u00e9n necesario, porque habla del compromiso de todos los cristianos tenemos que tener para toda la sociedad. Si un cristiano es el servidor de sus hermanos, cuanto m\u00e1s el que se dedica a la pol\u00edtica, a la polis, a las necesidades de todos, en este caso, los que vivimos en nuestra querida provincia de San Juan.<\/p>\n<p>Es algo que nunca debemos perder de vista, somos servidores de la comunidad. El Papa Francisco nos dice a todos que tenemos que ser inteligentes para saber que la historia no empieza ni termina con nosotros, tener en cuenta esto de la transitoriedad del servicio nos permite hacerlo mejor, mucho mejor. Otra de las afirmaciones que hace Francisco es que el verdadero poder es el servicio. Tenemos que concebir el don del poder como servicio. Otro consejo que nos da el Papa es que tenemos que sentir el gusto espiritual por ser pueblo, somos pueblo y nos debemos sentir identificados como pueblo.<\/p>\n<p>Justamente en estos d\u00edas hemos visto la alegr\u00eda de todo el pueblo argentino con las manifestaciones de alegr\u00eda en ocasi\u00f3n del campeonato mundial. Necesitamos sentirnos pueblo, necesitamos celebrar. En este caso la selecci\u00f3n de futbol sirve de ejemplo para nuestra misi\u00f3n. Se hizo un verdadero trabajo en equipo, que es una de las claves del \u00e9xito hoy en d\u00eda, si queremos que algo salga bien no va a ser por un iluminado por m\u00e1s que lo sea, va a ser por el trabajo de todos y por este trabajo en equipo.<\/p>\n<p>Estamos en el tiempo de la Navidad, Jes\u00fas vuelve a nacer entre nosotros. Jes\u00fas es el Dios con nosotros camina al lado nuestro. Por eso yo los y las invito a que le abramos en par en par el coraz\u00f3n a Jes\u00fas. Celebrar la navidad es preparar nuestro coraz\u00f3n para que Jes\u00fas vuelva a nacer. Preparar nuestro coraz\u00f3n para que se convierta en un verdadero pesebre. Yo les aseguro que si nuestro coraz\u00f3n es un pesebre Jes\u00fas va a volver a nacer en nosotros. Y entonces podremos hacer cosas realmente grandes, magnificas, maravillosas porque es la fuerza del Se\u00f1or la que act\u00faa en nosotros.<\/p>\n<p>Navidad es novedad, esta frase para mi es fundamental, la historia no es una simple repetici\u00f3n mec\u00e1nica de hechos, para nosotros los cristianos siempre existe la esperanza de que podemos seguir construyendo d\u00eda a d\u00eda una sociedad mejor, una sociedad m\u00e1s justa, una sociedad donde todos podamos sentirnos part\u00edcipes. No somos ingenuos de la situaci\u00f3n, sabemos que hay dificultades, sabemos tambi\u00e9n que hay hermanos que no la pasa bien. Pero reitero, tenemos la esperanza de poder venir esta tarde a darle gracias a Dios por todo lo que hicimos muchas veces estamos tentados de simplemente poner la vista en las cosas negativas, que falta esto, que falta el otro. Eso es parte de la realidad, pero hay otra parte de la realidad que es lo que si hicimos, que seguramente no es poco.<\/p>\n<p>A lo largo de un a\u00f1o es much\u00edsima la tarea realizada, seguramente que los esfuerzos de ustedes han sido notables, que han postergado cuestiones personales por el servicio que se les ha pedido. Por eso d\u00e9mosle gracias a dios por todo lo que pudimos hacer y pid\u00e1mosle que nos de la fuerza necesaria para que en este tiempo que nos queda de este a\u00f1o que se inicia, podamos continuar en la senda del servicio a los dem\u00e1s como siempre teniendo como privilegiado a los m\u00e1s d\u00e9biles. Much\u00edsimas gracias, teniendo de trasfondo este pueblo unido como se le hizo en torno de la selecci\u00f3n, nosotros seamos un pueblo unido que podamos trabajar con alegr\u00eda, esperanza por un San Juan cada vez mejor, lindo, pujante y justo.<\/p>\n<p>As\u00ed sea.<\/p>\n<p><iframe loading=\"lazy\" title=\"Se realiz\u00f3 la Misa de Acci\u00f3n de Gracias por la Navidad\" width=\"800\" height=\"450\" src=\"https:\/\/www.youtube.com\/embed\/SE6X7vP8KL8?feature=oembed\" frameborder=\"0\" allow=\"accelerometer; autoplay; clipboard-write; encrypted-media; gyroscope; picture-in-picture\" allowfullscreen><\/iframe><\/p>\n<p>&nbsp;<\/p>\n<p><img loading=\"lazy\" decoding=\"async\" class=\"alignnone size-full wp-image-55374\" src=\"https:\/\/vocesparalelas.com.ar\/sitio\/wp-content\/uploads\/2022\/12\/NAVIDAD-04.jpg\" alt=\"\" width=\"800\" height=\"505\" srcset=\"https:\/\/vocesparalelas.com.ar\/sitio\/wp-content\/uploads\/2022\/12\/NAVIDAD-04.jpg 800w, https:\/\/vocesparalelas.com.ar\/sitio\/wp-content\/uploads\/2022\/12\/NAVIDAD-04-300x189.jpg 300w, https:\/\/vocesparalelas.com.ar\/sitio\/wp-content\/uploads\/2022\/12\/NAVIDAD-04-768x485.jpg 768w\" sizes=\"auto, (max-width: 800px) 100vw, 800px\" \/><\/p>\n<p>Publicado el Viernes, 23 de Diciembre de 2022<\/p>\n","protected":false},"excerpt":{"rendered":"<p>Homil\u00eda del Monse\u00f1or Gustavo Manuel Larraz\u00e1bal, Obispo Auxiliar de San Juan en la Misa de Acci\u00f3n de Gracias por la<\/p>\n","protected":false},"author":3,"featured_media":55375,"comment_status":"closed","ping_status":"closed","sticky":false,"template":"","format":"video","meta":{"_acf_changed":false,"_seopress_robots_primary_cat":"none","_seopress_titles_title":"","_seopress_titles_desc":"","_seopress_robots_index":"","colormag_page_container_layout":"default_layout","colormag_page_sidebar_layout":"default_layout","footnotes":""},"categories":[10,7],"tags":[],"class_list":["post-55372","post","type-post","status-publish","format-video","has-post-thumbnail","hentry","category-opiniones","category-videos","post_format-post-format-video"],"acf":[],"_links":{"self":[{"href":"https:\/\/vocesparalelas.com.ar\/sitio\/wp-json\/wp\/v2\/posts\/55372","targetHints":{"allow":["GET"]}}],"collection":[{"href":"https:\/\/vocesparalelas.com.ar\/sitio\/wp-json\/wp\/v2\/posts"}],"about":[{"href":"https:\/\/vocesparalelas.com.ar\/sitio\/wp-json\/wp\/v2\/types\/post"}],"author":[{"embeddable":true,"href":"https:\/\/vocesparalelas.com.ar\/sitio\/wp-json\/wp\/v2\/users\/3"}],"replies":[{"embeddable":true,"href":"https:\/\/vocesparalelas.com.ar\/sitio\/wp-json\/wp\/v2\/comments?post=55372"}],"version-history":[{"count":1,"href":"https:\/\/vocesparalelas.com.ar\/sitio\/wp-json\/wp\/v2\/posts\/55372\/revisions"}],"predecessor-version":[{"id":55376,"href":"https:\/\/vocesparalelas.com.ar\/sitio\/wp-json\/wp\/v2\/posts\/55372\/revisions\/55376"}],"wp:featuredmedia":[{"embeddable":true,"href":"https:\/\/vocesparalelas.com.ar\/sitio\/wp-json\/wp\/v2\/media\/55375"}],"wp:attachment":[{"href":"https:\/\/vocesparalelas.com.ar\/sitio\/wp-json\/wp\/v2\/media?parent=55372"}],"wp:term":[{"taxonomy":"category","embeddable":true,"href":"https:\/\/vocesparalelas.com.ar\/sitio\/wp-json\/wp\/v2\/categories?post=55372"},{"taxonomy":"post_tag","embeddable":true,"href":"https:\/\/vocesparalelas.com.ar\/sitio\/wp-json\/wp\/v2\/tags?post=55372"}],"curies":[{"name":"wp","href":"https:\/\/api.w.org\/{rel}","templated":true}]}}