{"id":55370,"date":"2022-12-23T22:29:10","date_gmt":"2022-12-24T01:29:10","guid":{"rendered":"https:\/\/vocesparalelas.com.ar\/sitio\/?p=55370"},"modified":"2022-12-23T22:29:10","modified_gmt":"2022-12-24T01:29:10","slug":"2-parte-del-parque-integrador-en-el-barrio-portal-de-los-andes-en-rivadavia","status":"publish","type":"post","link":"https:\/\/vocesparalelas.com.ar\/sitio\/2-parte-del-parque-integrador-en-el-barrio-portal-de-los-andes-en-rivadavia\/","title":{"rendered":"2\u00b0 Parte del Parque integrador en el Barrio Portal de los Andes en Rivadavia"},"content":{"rendered":"<p>La Municipalidad de Rivadavia inaugur\u00f3 la 2\u00b0 Parte del Parque integrador en el Barrio Portal de los Andes, Arturo Illia\u00a0 y Sa\u00fal Quiroga del Departamento.<\/p>\n<p>Es incre\u00edble c\u00f3mo el Departamento de Rivadavia crece en poblaci\u00f3n y en barrios que cada vez requiere m\u00e1s beneficios al vecino. M\u00e1s barrios que necesitan comunicarse y la Municipalidad de Rivadavia sigue avanzando en obras para fortalecer lazos hacia Rivadavia Futuro.<\/p>\n<p>Por ello, el Intendente de la Municipalidad de Rivadavia, explic\u00f3 el trabajo realizado con obra cuya recaudaci\u00f3n vuelve al vecino y con obras realizadas con mano de obra local.<\/p>\n<p><iframe loading=\"lazy\" title=\"DR FABI\u00c1N MART\u00cdN\" width=\"800\" height=\"450\" src=\"https:\/\/www.youtube.com\/embed\/TJYEwp6GwkY?feature=oembed\" frameborder=\"0\" allow=\"accelerometer; autoplay; clipboard-write; encrypted-media; gyroscope; picture-in-picture\" allowfullscreen><\/iframe><\/p>\n<p>&nbsp;<\/p>\n<p>El acto comenz\u00f3 con el corte de cinta por autoridades municipales y vecinos que son los que van a disfrutar el espacio verde.<\/p>\n<p><img loading=\"lazy\" decoding=\"async\" class=\"alignnone size-full wp-image-55380\" src=\"https:\/\/vocesparalelas.com.ar\/sitio\/wp-content\/uploads\/2022\/12\/PORTAL-ANDES-01.jpg\" alt=\"\" width=\"800\" height=\"533\" srcset=\"https:\/\/vocesparalelas.com.ar\/sitio\/wp-content\/uploads\/2022\/12\/PORTAL-ANDES-01.jpg 800w, https:\/\/vocesparalelas.com.ar\/sitio\/wp-content\/uploads\/2022\/12\/PORTAL-ANDES-01-300x200.jpg 300w, https:\/\/vocesparalelas.com.ar\/sitio\/wp-content\/uploads\/2022\/12\/PORTAL-ANDES-01-768x512.jpg 768w\" sizes=\"auto, (max-width: 800px) 100vw, 800px\" \/><\/p>\n<p>Luego la Padre Jorge desarroll\u00f3 la bendici\u00f3n de la Plaza del Barrio Portal de los Andes para que todos los que lleguen a disfrutarla lo hagan con los vecinos para compartir.<\/p>\n<p><iframe loading=\"lazy\" title=\"PADRE JORGE BENDICI\u00d3N\" width=\"800\" height=\"450\" src=\"https:\/\/www.youtube.com\/embed\/9nHC_X9MLBQ?feature=oembed\" frameborder=\"0\" allow=\"accelerometer; autoplay; clipboard-write; encrypted-media; gyroscope; picture-in-picture\" allowfullscreen><\/iframe><\/p>\n<p>&nbsp;<\/p>\n<p>La Plaza Portal de los Andes fue remodelada con juegos para ni\u00f1os. aparatos de gimnasia para mantener la salud muscular, veredines, rampas, luminaria LED, play\u00f3n para basquet con aros de distintas alturas para que todos puedan practicar, la gruta de la Virgen Medalla Milagrosa. varias glorietas distribuidas en distintos espacios con bancos met\u00e1licos.<\/p>\n<p><img loading=\"lazy\" decoding=\"async\" class=\"alignnone size-full wp-image-55381\" src=\"https:\/\/vocesparalelas.com.ar\/sitio\/wp-content\/uploads\/2022\/12\/PORTAL-ANDES-02.jpg\" alt=\"\" width=\"800\" height=\"533\" srcset=\"https:\/\/vocesparalelas.com.ar\/sitio\/wp-content\/uploads\/2022\/12\/PORTAL-ANDES-02.jpg 800w, https:\/\/vocesparalelas.com.ar\/sitio\/wp-content\/uploads\/2022\/12\/PORTAL-ANDES-02-300x200.jpg 300w, https:\/\/vocesparalelas.com.ar\/sitio\/wp-content\/uploads\/2022\/12\/PORTAL-ANDES-02-768x512.jpg 768w\" sizes=\"auto, (max-width: 800px) 100vw, 800px\" \/><\/p>\n<p><img loading=\"lazy\" decoding=\"async\" class=\"alignnone size-full wp-image-55382\" src=\"https:\/\/vocesparalelas.com.ar\/sitio\/wp-content\/uploads\/2022\/12\/PORTAL-ANDES-05.jpg\" alt=\"\" width=\"800\" height=\"600\" srcset=\"https:\/\/vocesparalelas.com.ar\/sitio\/wp-content\/uploads\/2022\/12\/PORTAL-ANDES-05.jpg 800w, https:\/\/vocesparalelas.com.ar\/sitio\/wp-content\/uploads\/2022\/12\/PORTAL-ANDES-05-300x225.jpg 300w, https:\/\/vocesparalelas.com.ar\/sitio\/wp-content\/uploads\/2022\/12\/PORTAL-ANDES-05-768x576.jpg 768w\" sizes=\"auto, (max-width: 800px) 100vw, 800px\" \/><\/p>\n<p>Publicado el Viernes, 23 de Diciembre de 2022<\/p>\n<p>&nbsp;<\/p>\n<p>&nbsp;<\/p>\n","protected":false},"excerpt":{"rendered":"<p>La Municipalidad de Rivadavia inaugur\u00f3 la 2\u00b0 Parte del Parque integrador en el Barrio Portal de los Andes, Arturo Illia\u00a0<\/p>\n","protected":false},"author":3,"featured_media":55379,"comment_status":"closed","ping_status":"closed","sticky":false,"template":"","format":"video","meta":{"_acf_changed":false,"_seopress_robots_primary_cat":"none","_seopress_titles_title":"","_seopress_titles_desc":"","_seopress_robots_index":"","colormag_page_container_layout":"default_layout","colormag_page_sidebar_layout":"default_layout","footnotes":""},"categories":[1,7],"tags":[],"class_list":["post-55370","post","type-post","status-publish","format-video","has-post-thumbnail","hentry","category-destacadas","category-videos","post_format-post-format-video"],"acf":[],"_links":{"self":[{"href":"https:\/\/vocesparalelas.com.ar\/sitio\/wp-json\/wp\/v2\/posts\/55370","targetHints":{"allow":["GET"]}}],"collection":[{"href":"https:\/\/vocesparalelas.com.ar\/sitio\/wp-json\/wp\/v2\/posts"}],"about":[{"href":"https:\/\/vocesparalelas.com.ar\/sitio\/wp-json\/wp\/v2\/types\/post"}],"author":[{"embeddable":true,"href":"https:\/\/vocesparalelas.com.ar\/sitio\/wp-json\/wp\/v2\/users\/3"}],"replies":[{"embeddable":true,"href":"https:\/\/vocesparalelas.com.ar\/sitio\/wp-json\/wp\/v2\/comments?post=55370"}],"version-history":[{"count":1,"href":"https:\/\/vocesparalelas.com.ar\/sitio\/wp-json\/wp\/v2\/posts\/55370\/revisions"}],"predecessor-version":[{"id":55383,"href":"https:\/\/vocesparalelas.com.ar\/sitio\/wp-json\/wp\/v2\/posts\/55370\/revisions\/55383"}],"wp:featuredmedia":[{"embeddable":true,"href":"https:\/\/vocesparalelas.com.ar\/sitio\/wp-json\/wp\/v2\/media\/55379"}],"wp:attachment":[{"href":"https:\/\/vocesparalelas.com.ar\/sitio\/wp-json\/wp\/v2\/media?parent=55370"}],"wp:term":[{"taxonomy":"category","embeddable":true,"href":"https:\/\/vocesparalelas.com.ar\/sitio\/wp-json\/wp\/v2\/categories?post=55370"},{"taxonomy":"post_tag","embeddable":true,"href":"https:\/\/vocesparalelas.com.ar\/sitio\/wp-json\/wp\/v2\/tags?post=55370"}],"curies":[{"name":"wp","href":"https:\/\/api.w.org\/{rel}","templated":true}]}}