{"id":55362,"date":"2022-12-22T22:24:37","date_gmt":"2022-12-23T01:24:37","guid":{"rendered":"https:\/\/vocesparalelas.com.ar\/sitio\/?p=55362"},"modified":"2022-12-28T01:00:21","modified_gmt":"2022-12-28T04:00:21","slug":"una-evaluacion-de-la-gestion-del-seciti-de-san-juan-fortalecida-hacia-el-2023","status":"publish","type":"post","link":"https:\/\/vocesparalelas.com.ar\/sitio\/una-evaluacion-de-la-gestion-del-seciti-de-san-juan-fortalecida-hacia-el-2023\/","title":{"rendered":"Una evaluaci\u00f3n de la gesti\u00f3n del SECITI de San Juan fortalecida hacia el 2023"},"content":{"rendered":"<p>Finaliza el 2022 con una serie de actividades laborales para evaluar desde la Secretar\u00eda de Estado de Ciencia, Tecnolog\u00eda e innovaci\u00f3n del Gobierno de San Juan proyect\u00e1ndose al 2023.<\/p>\n<p>Por ello, Voces Paralelas desarroll\u00f3 una entrevista period\u00edstica a la Secretaria del SECITI, Ing. Marita Benavente, quien puntualiz\u00f3 en l\u00edneas de trabajo que fortalece la Ciencia, Tecnolog\u00eda e innovaci\u00f3n de proyectos que permiten transformar la mano de obra de San Juan.<\/p>\n<p><iframe loading=\"lazy\" title=\"ING MARITA BENAVENTE\" width=\"800\" height=\"450\" src=\"https:\/\/www.youtube.com\/embed\/mmqFOa6JZHE?start=20&#038;feature=oembed\" frameborder=\"0\" allow=\"accelerometer; autoplay; clipboard-write; encrypted-media; gyroscope; picture-in-picture\" allowfullscreen><\/iframe><\/p>\n<p>&nbsp;<\/p>\n<p>Los aportes de las Universidades y fundamentalmente producto de los trabajos de investigaci\u00f3n que aportan los profesionales que integran los institutos de investigaci\u00f3n, que est\u00e1n al servicio de la sociedad. continuar fortaleciendo el SECITI del Gobierno de San Juan como centro de captaci\u00f3n para solucionar con aportes de econ\u00f3micos permite crecer, evolucionar y transformarse en las bases del engrandecimiento de lo local y de la Rep\u00fablica Argentina.<\/p>\n<p>Significa la transferencia del conocimiento al bien com\u00fan como sociedad pujante que aporta fortalecimiento de lo nuestros sin buscar en otros lugares del mundo una soluci\u00f3n a una problem\u00e1tica. Valorar las eminencias de San Juan es la b\u00fasqueda del SECITI del Gobierno de San Juan.<\/p>\n<p>Publicado el Jueves, 22 de Diciembre de 2022<\/p>\n","protected":false},"excerpt":{"rendered":"<p>Finaliza el 2022 con una serie de actividades laborales para evaluar desde la Secretar\u00eda de Estado de Ciencia, Tecnolog\u00eda e<\/p>\n","protected":false},"author":3,"featured_media":55364,"comment_status":"closed","ping_status":"closed","sticky":false,"template":"","format":"video","meta":{"_acf_changed":false,"_seopress_robots_primary_cat":"none","_seopress_titles_title":"","_seopress_titles_desc":"","_seopress_robots_index":"","colormag_page_container_layout":"default_layout","colormag_page_sidebar_layout":"default_layout","footnotes":""},"categories":[10,7],"tags":[],"class_list":["post-55362","post","type-post","status-publish","format-video","has-post-thumbnail","hentry","category-opiniones","category-videos","post_format-post-format-video"],"acf":[],"_links":{"self":[{"href":"https:\/\/vocesparalelas.com.ar\/sitio\/wp-json\/wp\/v2\/posts\/55362","targetHints":{"allow":["GET"]}}],"collection":[{"href":"https:\/\/vocesparalelas.com.ar\/sitio\/wp-json\/wp\/v2\/posts"}],"about":[{"href":"https:\/\/vocesparalelas.com.ar\/sitio\/wp-json\/wp\/v2\/types\/post"}],"author":[{"embeddable":true,"href":"https:\/\/vocesparalelas.com.ar\/sitio\/wp-json\/wp\/v2\/users\/3"}],"replies":[{"embeddable":true,"href":"https:\/\/vocesparalelas.com.ar\/sitio\/wp-json\/wp\/v2\/comments?post=55362"}],"version-history":[{"count":3,"href":"https:\/\/vocesparalelas.com.ar\/sitio\/wp-json\/wp\/v2\/posts\/55362\/revisions"}],"predecessor-version":[{"id":55369,"href":"https:\/\/vocesparalelas.com.ar\/sitio\/wp-json\/wp\/v2\/posts\/55362\/revisions\/55369"}],"wp:featuredmedia":[{"embeddable":true,"href":"https:\/\/vocesparalelas.com.ar\/sitio\/wp-json\/wp\/v2\/media\/55364"}],"wp:attachment":[{"href":"https:\/\/vocesparalelas.com.ar\/sitio\/wp-json\/wp\/v2\/media?parent=55362"}],"wp:term":[{"taxonomy":"category","embeddable":true,"href":"https:\/\/vocesparalelas.com.ar\/sitio\/wp-json\/wp\/v2\/categories?post=55362"},{"taxonomy":"post_tag","embeddable":true,"href":"https:\/\/vocesparalelas.com.ar\/sitio\/wp-json\/wp\/v2\/tags?post=55362"}],"curies":[{"name":"wp","href":"https:\/\/api.w.org\/{rel}","templated":true}]}}